{"id":103543,"date":"2026-01-13T20:06:07","date_gmt":"2026-01-13T20:06:07","guid":{"rendered":"https:\/\/www.europesays.com\/lv\/103543\/"},"modified":"2026-01-13T20:06:07","modified_gmt":"2026-01-13T20:06:07","slug":"par-nozimigu-ieguldijumu-makslas-kritika-kinokritike-elina-reitere-sanem-normunda-naumana-gada-balvu-lente-lv","status":"publish","type":"post","link":"https:\/\/www.europesays.com\/lv\/103543\/","title":{"rendered":"Par noz\u012bm\u012bgu ieguld\u012bjumu m\u0101kslas kritik\u0101 kinokriti\u0137e El\u012bna Reitere sa\u0146em Normunda Nauma\u0146a Gada balvu\u00a0\u2014\u00a0Lente.lv"},"content":{"rendered":"<p>Par noz\u012bm\u012bgu ieguld\u012bjumu m\u0101kslas kritik\u0101 kinokriti\u0137e El\u012bna Reitere sa\u0146em Normunda Nauma\u0146a Gada balvu<\/p>\n<p>Par noz\u012bm\u012bgu ieguld\u012bjumu m\u0101kslas kritik\u0101 \u0161ogad Normunda Nauma\u0146a v\u0101rd\u0101 nosaukto Gada balvu sa\u0146\u0113musi kinokriti\u0137e El\u012bna Reitere. Apbalvojums pie\u0161\u0137irts par vi\u0146as public\u0113tajiem rakstiem un recenzij\u0101m par film\u0101m, tostarp par darbiem &#8220;Anna LOL&#8221;, &#8220;Lotus&#8221;, &#8220;Dieva suns&#8221; un &#8220;Testaments&#8221;. <\/p>\n<p>\u0160\u012b ir jau vienpadsmit\u0101 reize, kad tiek pasniegta Normunda Nauma\u0146a Gada balva m\u0101kslas kritik\u0101. Ceremonija, kas paz\u012bstama k\u0101 &#8220;NN nakts&#8221;, norisin\u0101j\u0101s Latvijas Radio 1. studij\u0101 un tika transl\u0113ta tie\u0161raid\u0113, \u013caujot skat\u012bt\u0101jiem sekot l\u012bdzi notieko\u0161ajam port\u0101los \u201cSatori\u201d un \u201cLSM.lv\u201d, k\u0101 ar\u012b Normunda Nauma\u0146a biedr\u012bbas YouTube kan\u0101l\u0101. \u0160\u012b gada ceremonijas nosaukums bija &#8220;Kritikas j\u0113gas pier\u0101d\u012b\u0161ana visu m\u0101kslu m\u012b\u013cot\u0101jam&#8221;, un t\u0101s re\u017eisors bija M\u0101rti\u0146\u0161 Grauds, bet scen\u0101rija autori \u2013 K\u0101rlis V\u0113rdi\u0146\u0161 un Ivars \u0160teinbergs, kur\u0161 ar\u012b bija vakara vad\u012bt\u0101js.<\/p>\n<p>El\u012bnas Reiteres ieguld\u012bjums un \u017e\u016brijas nov\u0113rt\u0113jums<\/p>\n<p>\u017d\u016brija \u012bpa\u0161i nov\u0113rt\u0113jusi El\u012bnas Reiteres sp\u0113ju veikt dzi\u013ci p\u0113tniecisku anal\u012bzi, kas ne tikai bag\u0101tina las\u012bt\u0101ju erud\u012bciju, bet ar\u012b sp\u0113j aktualiz\u0113t s\u0101p\u012bgus soci\u0101lus jaut\u0101jumus m\u0101kslas kritik\u0101. K\u0101 atz\u012bm\u0113jis \u017e\u016brijas priek\u0161s\u0113d\u0113t\u0101js Ilm\u0101rs \u0160l\u0101pins, Reiteres darbos apvienotas akad\u0113misk\u0101s zin\u0101\u0161anas un teor\u0113tisk\u0101s atzi\u0146as, analiz\u0113jot m\u0101kslinieciskos pa\u0146\u0113mienus un rado\u0161\u0101s idejas. Vienlaikus vi\u0146a piev\u0113r\u0161 uzman\u012bbu m\u0101kslas darba autora profesion\u0101lajai \u0113tikai un cilv\u0113ciskajai mor\u0101lei, pau\u017eot laikmet\u012bgu attieksmi un skaidras poz\u012bcijas. \u0160\u012bs recenzijas padara vi\u0146as darbu \u012bpa\u0161i noz\u012bm\u012bgu. Reitere pati ir teikusi: &#8220;Recenzija nekad nav tikai par filmu. T\u0101 vienm\u0113r ir ar\u012b par kriti\u0137i.&#8221;<\/p>\n<p>Reitere savas recenzijas raksturo k\u0101 pieder\u012bgas akad\u0113misk\u0101s kinokritikas laukam. Vi\u0146a uzsver, ka Latvijas m\u0113rog\u0101 un kino k\u0101 \u0161aur\u0101 sf\u0113r\u0101 nav pietiekami daudz akad\u0113misko izdevumu, lai public\u0113tu tik bie\u017ei, k\u0101 vi\u0146a raksta, t\u0101p\u0113c ir pateic\u012bga izdevumam &#8220;Kino Raksti&#8221; par iesp\u0113ju public\u0113t savus specifiskos tekstus.<\/p>\n<p>Konkurence un citi nominanti<\/p>\n<p>\u0160ogad balvai tika nomin\u0113ti \u010detri kandid\u0101ti: te\u0101tra kriti\u0137is Atis Rozent\u0101ls, literat\u016bras kriti\u0137is Arvis Viguls, kinokriti\u0137e El\u012bna Reitere un operas kriti\u0137e Lauma Mell\u0113na-Bartkevi\u010da. Katrs no nominantiem tika nov\u0113rt\u0113ts par savu ieguld\u012bjumu attiec\u012bgaj\u0101 m\u0101kslas nozar\u0113. Reitere nomin\u0113ta par kino recenzij\u0101m, piem\u0113ram, &#8220;Lotus. Drosme izfantaz\u0113t v\u0113sturi&#8221; un &#8220;Dieva suns. Kino ekscess un ner\u0101tn\u0101s dainas&#8221;. Arvis Viguls izvirz\u012bts par dzejas kr\u0101jumu recenzij\u0101m, bet Atis Rozent\u0101ls \u2013 par te\u0101tra kritiku, savuk\u0101rt Lauma Mell\u0113na-Bartkevi\u010da par operas recenzij\u0101m.<\/p>\n<p>Jaun\u0101 kriti\u0137a balva un diskusijas par kritikas lomu<\/p>\n<p>L\u012bdz\u0101s galvenajai balvai tika pasniegta ar\u012b Jaun\u0101 kriti\u0137a balva, ko \u0161ogad ieguva m\u016bzikas kriti\u0137is Arno Titovs par savu ieguld\u012bjumu popul\u0101r\u0101s un maz\u0101k popul\u0101r\u0101s m\u016bzikas apskat\u0101. Jaun\u0101 kriti\u0137a balvai kopum\u0101 tika izvirz\u012bti pieci kandid\u0101ti, kas darboj\u0101s literat\u016bras un te\u0101tra kritikas jom\u0101, bet Titovs ieguva balvu par darbu m\u016bzikas kritikas jom\u0101.<\/p>\n<p>Pirms balvas pasnieg\u0161anas Latvijas Radio raid\u012bjum\u0101 &#8220;Kult\u016bras rondo&#8221; notika diskusija ar visiem \u010detiem Gada balvas nominantiem. Vi\u0146i dal\u012bj\u0101s pieredz\u0113 par savu karjeras s\u0101kumu, p\u0101rsprieda kritikas lomu un noz\u012bmi m\u016bsdienu kult\u016bras ainav\u0101, k\u0101 ar\u012b nenoliedza profesijas izaicin\u0101jumus un negat\u012bv\u0101s puses. Sarun\u0101s tika uzsv\u0113rts, ka kriti\u0137u darbs ir b\u016btisks, lai pal\u012bdz\u0113tu sabiedr\u012bbai lab\u0101k izprast kult\u016bras procesus, atkl\u0101jot jaunas perspekt\u012bvas un \u013caujot saskat\u012bt nepaman\u012btas deta\u013cas. Tika akcent\u0113ts, ka profesion\u0101la kritika noz\u012bm\u0113 m\u0101kslas par\u0101d\u012bbas anal\u012bzi no da\u017e\u0101diem aspektiem un kontekstiem, nevis vienk\u0101r\u0161i negat\u012bvu v\u0113rt\u0113jumu.<\/p>\n<p>Par Normunda Nauma\u0146a Gada balvu m\u0101kslas kritik\u0101<\/p>\n<p>Normunda Nauma\u0146a v\u0101rd\u0101 nosaukto Gada balvu m\u0101kslas kritik\u0101 2015. gad\u0101 nodibin\u0101ja Normunda Nauma\u0146a biedr\u012bba. Balvai ir pie\u0161\u0137irts Nacion\u0101l\u0101s balvas statuss, un t\u0101s norisi atbalsta Kult\u016bras ministrija. Balva tiek pasniegta reizi gad\u0101, godinot un atbalstot noz\u012bm\u012bgus ieguld\u012bjumus m\u0101kslas kritikas jom\u0101 Latvij\u0101. T\u0101s m\u0113r\u0137is ir ne tikai godin\u0101t eso\u0161os kriti\u0137us, bet ar\u012b veicin\u0101t jaunas un motiv\u0113tas kriti\u0137u paaudzes att\u012bst\u012bbu.<\/p>\n","protected":false},"excerpt":{"rendered":"Par noz\u012bm\u012bgu ieguld\u012bjumu m\u0101kslas kritik\u0101 kinokriti\u0137e El\u012bna Reitere sa\u0146em Normunda Nauma\u0146a Gada balvu Par noz\u012bm\u012bgu ieguld\u012bjumu m\u0101kslas kritik\u0101&hellip;\n","protected":false},"author":2,"featured_media":103544,"comment_status":"","ping_status":"","sticky":false,"template":"","format":"standard","meta":{"footnotes":""},"categories":[5],"tags":[23,28,29,20540,32,33,22,11963,30,31,35,39,38,36,37,34,40,13059,20,25007,13058,26,27,24,25,21],"class_list":{"0":"post-103543","1":"post","2":"type-post","3":"status-publish","4":"format-standard","5":"has-post-thumbnail","7":"category-aktualitates","8":"tag-aktualitates","9":"tag-breaking-news","10":"tag-breakingnews","11":"tag-elina-reitere","12":"tag-featured-news","13":"tag-featurednews","14":"tag-headlines","15":"tag-kinokritika","16":"tag-latest-news","17":"tag-latestnews","18":"tag-latvia","19":"tag-latvian","20":"tag-latviesu","21":"tag-latviesu-valoda","22":"tag-latviesuvaloda","23":"tag-latvija","24":"tag-lv","25":"tag-makslas-kritika","26":"tag-news","27":"tag-nn-nakts","28":"tag-normunda-naumana-gada-balva","29":"tag-popularakas-zinas","30":"tag-popularakaszinas","31":"tag-top-stories","32":"tag-topstories","33":"tag-zinas"},"share_on_mastodon":{"url":"https:\/\/pubeurope.com\/@lv\/115889594876721575","error":""},"_links":{"self":[{"href":"https:\/\/www.europesays.com\/lv\/wp-json\/wp\/v2\/posts\/103543","targetHints":{"allow":["GET"]}}],"collection":[{"href":"https:\/\/www.europesays.com\/lv\/wp-json\/wp\/v2\/posts"}],"about":[{"href":"https:\/\/www.europesays.com\/lv\/wp-json\/wp\/v2\/types\/post"}],"author":[{"embeddable":true,"href":"https:\/\/www.europesays.com\/lv\/wp-json\/wp\/v2\/users\/2"}],"replies":[{"embeddable":true,"href":"https:\/\/www.europesays.com\/lv\/wp-json\/wp\/v2\/comments?post=103543"}],"version-history":[{"count":0,"href":"https:\/\/www.europesays.com\/lv\/wp-json\/wp\/v2\/posts\/103543\/revisions"}],"wp:featuredmedia":[{"embeddable":true,"href":"https:\/\/www.europesays.com\/lv\/wp-json\/wp\/v2\/media\/103544"}],"wp:attachment":[{"href":"https:\/\/www.europesays.com\/lv\/wp-json\/wp\/v2\/media?parent=103543"}],"wp:term":[{"taxonomy":"category","embeddable":true,"href":"https:\/\/www.europesays.com\/lv\/wp-json\/wp\/v2\/categories?post=103543"},{"taxonomy":"post_tag","embeddable":true,"href":"https:\/\/www.europesays.com\/lv\/wp-json\/wp\/v2\/tags?post=103543"}],"curies":[{"name":"wp","href":"https:\/\/api.w.org\/{rel}","templated":true}]}}