{"id":103547,"date":"2026-01-13T20:10:17","date_gmt":"2026-01-13T20:10:17","guid":{"rendered":"https:\/\/www.europesays.com\/lv\/103547\/"},"modified":"2026-01-13T20:10:17","modified_gmt":"2026-01-13T20:10:17","slug":"ukrainas-parlaments-atbrivo-smihalu-no-ministra-amata","status":"publish","type":"post","link":"https:\/\/www.europesays.com\/lv\/103547\/","title":{"rendered":"Ukrainas parlaments atbr\u012bvo \u0160miha\u013cu no ministra amata"},"content":{"rendered":"<p class=\"lead\">\n                                Ukrainas parlaments otrdien pie\u0146\u0113mis aizsardz\u012bbas ministra Denisa \u0160miha\u013ca atk\u0101p\u0161anos no amata.\n                            <\/p>\n<p style=\"margin-left:0px;\">&#8220;Es atst\u0101ju \u0161o amatu ar p\u0101rliec\u012bbu, ka turpm\u0101kie procesi k\u013c\u016bs par pamatu t\u0101l\u0101k\u0101m p\u0101rmai\u0146\u0101m un reform\u0101m, un m\u016bsu kop\u012bgie sasniegumi kalpos par pamatu Ukrainas ilgtsp\u0113jai,&#8221; sac\u012bja \u0160miha\u013cs, run\u0101jot parlament\u0101.<\/p>\n<p style=\"margin-left:0px;\">\u0160miha\u013cs aizsardz\u012bbas ministra amatu ie\u0146\u0113ma no 2025. gada j\u016blija. Pirms tam vi\u0146\u0161 piecus gadus bija Ukrainas premjerministrs.<\/p>\n<p style=\"margin-left:0px;\">Sagaid\u0101ms, ka v\u0113l \u0161odien Ukrainas parlaments lems par \u0160miha\u013ca iecel\u0161anu ener\u0123\u0113tikas ministra amat\u0101 un l\u012bdz\u0161in\u0113j\u0101 digit\u0101l\u0101s transform\u0101cijas ministra Mihailo Fedorova iecel\u0161anu aizsardz\u012bbas ministra amat\u0101, atsaucoties uz parlamenta deput\u0101ta Jaroslava \u017delez\u0146aka teikto, v\u0113sta t\u012bmek\u013ca medijs UNN.<\/p>\n<p style=\"margin-left:0px;\">Par iecer\u0113taj\u0101m izmai\u0146\u0101m ministru kabinet\u0101 Ukrainas prezidents Volodimirs Zelenskis pav\u0113st\u012bja m\u0113ne\u0161a s\u0101kum\u0101.<\/p>\n<p>Ukraina: Krievijas dz\u012bv\u0101 sp\u0113ka zaud\u0113jumi sasniedz 1 220 950<\/p>\n<p style=\"margin-left:0px;\">Krievijas karasp\u0113ka dz\u012bv\u0101 sp\u0113ka zaud\u0113jumi Ukrain\u0101 l\u012bdz otrdienas r\u012btam sasniegu\u0161i 1 220 950 karav\u012brus, zi\u0146o Ukrainas armijas \u0123ener\u0101l\u0161t\u0101bs.<\/p>\n<p style=\"margin-left:0px;\">Saska\u0146\u0101 ar \u0123ener\u0101l\u0161t\u0101ba datiem diennakts laik\u0101 izn\u012bcin\u0101ti 950 iebruc\u0113ji.<\/p>\n<p style=\"margin-left:0px;\">Kop\u0161 atk\u0101rtot\u0101 iebrukuma s\u0101kuma 2022. gada 24. febru\u0101r\u012b krievi zaud\u0113ju\u0161i 11 544 tankus, 23 899 bru\u0146utransportierus, 36 024 lielgabalus un m\u012bnmet\u0113jus, 1600 daudzl\u0101di\u0146u reakt\u012bv\u0101s iek\u0101rtas, 1270 zen\u012btartil\u0113rijas iek\u0101rtas, 434 lidma\u0161\u012bnas, 347 helikopterus, 105 354 bezpilota lidapar\u0101tus, 4155 sp\u0101rnot\u0101s ra\u0137etes, 28 ku\u0123us un \u0101trlaivas, divas zem\u016bdenes, 73 887 automobi\u013cus un autocisternas, k\u0101 ar\u012b 4042 specializ\u0113t\u0101s tehnikas vien\u012bbas.<\/p>\n<p style=\"margin-left:0px;\">Krievijas zaud\u0113jumu apm\u0113rs tiek preciz\u0113ts, jo inform\u0101cijas ieguvi trauc\u0113 karadarb\u012bba.<\/p>\n<p class=\"paragraph-muted\">Izv\u0113lies savu soct\u012bklu platformu, lai sekotu LASI.LV: <a href=\"https:\/\/www.facebook.com\/portals.lasi.lv\" target=\"_blank\" rel=\"noopener noreferrer nofollow\">Facebook<\/a>, <a href=\"https:\/\/twitter.com\/lasilvportals\" target=\"_blank\" rel=\"noopener noreferrer nofollow\">X<\/a>, <a href=\"https:\/\/bsky.app\/profile\/lasilv.bsky.social\" target=\"_blank\" rel=\"noopener noreferrer nofollow\">Bluesky<\/a>, <a href=\"https:\/\/www.draugiem.lv\/lasilv\/?pg=4\" target=\"_blank\" rel=\"noopener noreferrer nofollow\">Draugiem<\/a>, <a href=\"https:\/\/www.threads.com\/@lasilv_zinas\" rel=\"nofollow noopener\" target=\"_blank\">Threads<\/a> vai ar\u012b <a href=\"https:\/\/www.instagram.com\/lasilv_zinas\/\" target=\"_blank\" rel=\"noopener noreferrer nofollow\">Instagram<\/a>. Pievienojies m\u016bsu las\u012bt\u0101ju pulkam, lai sa\u0146emtu \u012bpa\u0161i tev atlas\u012btu noder\u012bgu, praktisku un aktu\u0101lu saturu.\u00a0<\/p>\n<p style=\"margin-left:auto;\">Pieraksties LASI.LV redaktora v\u0113stkopai <a href=\"https:\/\/lasi.lv\/vestkopa\/lasi-lv-galvena-redaktora-vestkopa\" rel=\"nofollow noopener\" target=\"_blank\">\u0161eit<\/a>.<\/p>\n<p>Pieraksties v\u0113stkopai un divas reizes ned\u0113\u013c\u0101 sa\u0146em padzi\u013cin\u0101tu LASI.LV galven\u0101 redaktora aktu\u0101lo zi\u0146u, kompetentu viedok\u013cu un interesant\u0101ko interviju apkopojumu.<\/p>\n<p>Ko tu sa\u0146emsi:<\/p>\n<ul>\n<li>Daudzveid\u012bgus koment\u0101rus un kompetentus Latvijas Mediju \u017eurn\u0101listu un autoru viedok\u013cus par aktu\u0101lo<\/li>\n<li>Ekspertu koment\u0101rus par da\u017e\u0101diem praktiskiem, noder\u012bgiem tematiem<\/li>\n<li>Aizraujo\u0161us materi\u0101lus par v\u0113sturi, psiholo\u0123iju, kult\u016bru<\/li>\n<li>Gata \u0160\u013c\u016bkas karikat\u016bru<\/li>\n<li>Tav\u0101 e-pasta kast\u012bt\u0113 katru ceturtdienu<\/li>\n<\/ul>\n<p style=\"margin-left:auto;\">\u00a0<\/p>\n<p><script async src=\"https:\/\/platform.twitter.com\/widgets.js\" charset=\"utf-8\"><\/script><script async src=\"\/\/www.instagram.com\/embed.js\"><\/script><\/p>\n","protected":false},"excerpt":{"rendered":"Ukrainas parlaments otrdien pie\u0146\u0113mis aizsardz\u012bbas ministra Denisa \u0160miha\u013ca atk\u0101p\u0161anos no amata. &#8220;Es atst\u0101ju \u0161o amatu ar p\u0101rliec\u012bbu, ka&hellip;\n","protected":false},"author":2,"featured_media":93776,"comment_status":"","ping_status":"","sticky":false,"template":"","format":"standard","meta":{"footnotes":""},"categories":[14],"tags":[23,57,28,29,32,33,22,30,31,35,39,38,36,37,34,40,20,26,27,24,25,54,55,56,21,58],"class_list":{"0":"post-103547","1":"post","2":"type-post","3":"status-publish","4":"format-standard","5":"has-post-thumbnail","7":"category-zinas-no-arvalstim","8":"tag-aktualitates","9":"tag-arvalstim","10":"tag-breaking-news","11":"tag-breakingnews","12":"tag-featured-news","13":"tag-featurednews","14":"tag-headlines","15":"tag-latest-news","16":"tag-latestnews","17":"tag-latvia","18":"tag-latvian","19":"tag-latviesu","20":"tag-latviesu-valoda","21":"tag-latviesuvaloda","22":"tag-latvija","23":"tag-lv","24":"tag-news","25":"tag-popularakas-zinas","26":"tag-popularakaszinas","27":"tag-top-stories","28":"tag-topstories","29":"tag-world","30":"tag-world-news","31":"tag-worldnews","32":"tag-zinas","33":"tag-zinas-no-arvalstim"},"share_on_mastodon":{"url":"https:\/\/pubeurope.com\/@lv\/115889610610646956","error":""},"_links":{"self":[{"href":"https:\/\/www.europesays.com\/lv\/wp-json\/wp\/v2\/posts\/103547","targetHints":{"allow":["GET"]}}],"collection":[{"href":"https:\/\/www.europesays.com\/lv\/wp-json\/wp\/v2\/posts"}],"about":[{"href":"https:\/\/www.europesays.com\/lv\/wp-json\/wp\/v2\/types\/post"}],"author":[{"embeddable":true,"href":"https:\/\/www.europesays.com\/lv\/wp-json\/wp\/v2\/users\/2"}],"replies":[{"embeddable":true,"href":"https:\/\/www.europesays.com\/lv\/wp-json\/wp\/v2\/comments?post=103547"}],"version-history":[{"count":0,"href":"https:\/\/www.europesays.com\/lv\/wp-json\/wp\/v2\/posts\/103547\/revisions"}],"wp:featuredmedia":[{"embeddable":true,"href":"https:\/\/www.europesays.com\/lv\/wp-json\/wp\/v2\/media\/93776"}],"wp:attachment":[{"href":"https:\/\/www.europesays.com\/lv\/wp-json\/wp\/v2\/media?parent=103547"}],"wp:term":[{"taxonomy":"category","embeddable":true,"href":"https:\/\/www.europesays.com\/lv\/wp-json\/wp\/v2\/categories?post=103547"},{"taxonomy":"post_tag","embeddable":true,"href":"https:\/\/www.europesays.com\/lv\/wp-json\/wp\/v2\/tags?post=103547"}],"curies":[{"name":"wp","href":"https:\/\/api.w.org\/{rel}","templated":true}]}}