{"id":103548,"date":"2026-01-13T20:12:20","date_gmt":"2026-01-13T20:12:20","guid":{"rendered":"https:\/\/www.europesays.com\/lv\/103548\/"},"modified":"2026-01-13T20:12:20","modified_gmt":"2026-01-13T20:12:20","slug":"saulite-izlidis-no-makoniem-bet-sals-neatkapsies-laika-prognoze-otrdienai-la-lv","status":"publish","type":"post","link":"https:\/\/www.europesays.com\/lv\/103548\/","title":{"rendered":"Saul\u012bte izl\u012bd\u012bs no m\u0101ko\u0146iem, bet sals neatk\u0101psies \u2013 laika prognoze otrdienai &#8211; LA.LV"},"content":{"rendered":"<ol>\n<li><a href=\"https:\/\/news.google.com\/rss\/articles\/CBMilgFBVV95cUxPdTFwS01raWZ2S09hRmZGRmhZaHVOLUlBMXc3U29ZX1NxTTFBcy1SRy14ck1VX3R6Ykg5ZlB6MDN6aFcxYkRqaG5paFlhR1MyS1lIRkJ2c0hQWmFjZnlQX2hzLWZybFpqeWVldHc4OFlPZHBvOFNzMkZLck5FTWd6TWhXYzBqMk9VR3lXUENhREtoQTMwTVE?oc=5\" target=\"_blank\" rel=\"nofollow noopener\">Saul\u012bte izl\u012bd\u012bs no m\u0101ko\u0146iem, bet sals neatk\u0101psies \u2013 laika prognoze otrdienai<\/a>&nbsp;&nbsp;LA.LV<\/li>\n<li><a href=\"https:\/\/news.google.com\/rss\/articles\/CBMitwFBVV95cUxOeU9HN1FIc2ptUFlvbXBrM196Vmlub1dIUldhWWU4dVJFYjJQMjJGZm16M3VkbncxSHE3RzhvUXJwVjR6Y1RMQzBKZ3hTRHFLdkJ6em9BMzRIYTR1M1o1SlhIQjVXTHFzMDBMUEs3d2NTRXgtQzZOTUlJUkRRMElJVUJLZmk5U0M3emhzNzRuTDl3WXJXUHFHY2E1OFo3WFlCamh1TGEteFZuazl3cHA0cGVHakxGRzA?oc=5\" target=\"_blank\" rel=\"nofollow noopener\">Otrdien iev\u0113rojami nokri\u0161\u0146i nav gaid\u0101mi; sals kniebs degun\u0101<\/a>&nbsp;&nbsp;Delfi<\/li>\n<li><a href=\"https:\/\/news.google.com\/rss\/articles\/CBMiqAFBVV95cUxNUWxLb2VsSXkwdzYxNzRBZDhQN0hLX1E0enN2cjlpWG5vOUllbUhnblVuajYzNWFnZHV1TVhjVnR0a3hvbjRNUlZVQlpJMmY5S0hmajFRTDY3ejhTeDU4aHh5TjNxb1NoWEZqZjNJd1YxNjFDQ190Z0hLYVVaSDZRYkFJREZBdjdXcm9lRVVGUWhibWZEU0liazhzVHpEbndtTzM0RE5ESFo?oc=5\" target=\"_blank\" rel=\"nofollow noopener\">Pirmdien snigs maz, laiks b\u016bs auksts \/ Raksts<\/a>&nbsp;&nbsp;LSM<\/li>\n<li><a href=\"https:\/\/news.google.com\/rss\/articles\/CBMieEFVX3lxTE1aVElmUGhGNEl1NGNBNXlrWWI1RE5TM1V1WW9PdG1ONXZFcmRjVFlON1ZtM2Q0SUhHbUJzcDZoaEJ3MU00R1NacmxlRk10ZGdrcklxTkt4R1lpTl9RajJoNUpiVWVJYU00Y3pXazlkemlfVHQ3NVU5TA?oc=5\" target=\"_blank\" rel=\"nofollow noopener\">Otrdien da\u017eviet Latvij\u0101 sp\u012bd\u0113s saule<\/a>&nbsp;&nbsp;TVNET &#8211; Laika zi\u0146as<\/li>\n<li><a href=\"https:\/\/news.google.com\/rss\/articles\/CBMioAFBVV95cUxObDFhLXJpRXdTY0dzd2FQM1ZlX09SU2dwUXg2dUlHbVdHcFlBVmYxNWd5VDUwQkV2OTlWbkxWUVZzYnN1ckwwT01ZV2xtTUZ0cU5HdTlybTVZbjNXNjhubExLaUV3UnpOa19vQWx4VUg1VFVrUGUyMXIzOTFETWtQVjlYaUdmT2lDMUhsX0pSY1NGQzRTc3FBbzl4ODF3UWQw?oc=5\" target=\"_blank\" rel=\"nofollow noopener\">Ned\u0113\u013cas pirmaj\u0101 dien\u0101 nav gaid\u0101mi lieli nokri\u0161\u0146i<\/a>&nbsp;&nbsp;Diena<\/li>\n<\/ol>\n","protected":false},"excerpt":{"rendered":"Saul\u012bte izl\u012bd\u012bs no m\u0101ko\u0146iem, bet sals neatk\u0101psies \u2013 laika prognoze otrdienai&nbsp;&nbsp;LA.LV Otrdien iev\u0113rojami nokri\u0161\u0146i nav gaid\u0101mi; sals kniebs&hellip;\n","protected":false},"author":2,"featured_media":100737,"comment_status":"","ping_status":"","sticky":false,"template":"","format":"standard","meta":{"footnotes":""},"categories":[5],"tags":[23,28,29,32,33,22,30,31,35,39,38,36,37,34,40,20,26,27,24,25,21],"class_list":{"0":"post-103548","1":"post","2":"type-post","3":"status-publish","4":"format-standard","5":"has-post-thumbnail","7":"category-aktualitates","8":"tag-aktualitates","9":"tag-breaking-news","10":"tag-breakingnews","11":"tag-featured-news","12":"tag-featurednews","13":"tag-headlines","14":"tag-latest-news","15":"tag-latestnews","16":"tag-latvia","17":"tag-latvian","18":"tag-latviesu","19":"tag-latviesu-valoda","20":"tag-latviesuvaloda","21":"tag-latvija","22":"tag-lv","23":"tag-news","24":"tag-popularakas-zinas","25":"tag-popularakaszinas","26":"tag-top-stories","27":"tag-topstories","28":"tag-zinas"},"share_on_mastodon":{"url":"https:\/\/pubeurope.com\/@lv\/115889618477183906","error":""},"_links":{"self":[{"href":"https:\/\/www.europesays.com\/lv\/wp-json\/wp\/v2\/posts\/103548","targetHints":{"allow":["GET"]}}],"collection":[{"href":"https:\/\/www.europesays.com\/lv\/wp-json\/wp\/v2\/posts"}],"about":[{"href":"https:\/\/www.europesays.com\/lv\/wp-json\/wp\/v2\/types\/post"}],"author":[{"embeddable":true,"href":"https:\/\/www.europesays.com\/lv\/wp-json\/wp\/v2\/users\/2"}],"replies":[{"embeddable":true,"href":"https:\/\/www.europesays.com\/lv\/wp-json\/wp\/v2\/comments?post=103548"}],"version-history":[{"count":0,"href":"https:\/\/www.europesays.com\/lv\/wp-json\/wp\/v2\/posts\/103548\/revisions"}],"wp:featuredmedia":[{"embeddable":true,"href":"https:\/\/www.europesays.com\/lv\/wp-json\/wp\/v2\/media\/100737"}],"wp:attachment":[{"href":"https:\/\/www.europesays.com\/lv\/wp-json\/wp\/v2\/media?parent=103548"}],"wp:term":[{"taxonomy":"category","embeddable":true,"href":"https:\/\/www.europesays.com\/lv\/wp-json\/wp\/v2\/categories?post=103548"},{"taxonomy":"post_tag","embeddable":true,"href":"https:\/\/www.europesays.com\/lv\/wp-json\/wp\/v2\/tags?post=103548"}],"curies":[{"name":"wp","href":"https:\/\/api.w.org\/{rel}","templated":true}]}}