{"id":103551,"date":"2026-01-13T20:18:19","date_gmt":"2026-01-13T20:18:19","guid":{"rendered":"https:\/\/www.europesays.com\/lv\/103551\/"},"modified":"2026-01-13T20:18:19","modified_gmt":"2026-01-13T20:18:19","slug":"ostapenko-neveiksme-adelaide-izgaismo-nepatikamu-statistiku","status":"publish","type":"post","link":"https:\/\/www.europesays.com\/lv\/103551\/","title":{"rendered":"Ostapenko neveiksme Adelaid\u0113 izgaismo nepat\u012bkamu statistiku"},"content":{"rendered":"<p>Ostapenko, kura WTA rang\u0101 ie\u0146em 24. vietu ar 5-7, 2-3 piek\u0101p\u0101s \u010dehietei Terezai Valentovai (WTA 60.).<\/p>\n<p>Pirmaj\u0101 set\u0101 Latvijas tenisiste bija vad\u012bb\u0101 ar 5-0, ta\u010du turpin\u0101jum\u0101 \u010dehiete atsp\u0113l\u0113j\u0101s un pan\u0101ca 6-5. Ostapenko bija nepiecie\u0161ams medic\u012bniskais p\u0101rtraukums, p\u0113c kura vi\u0146a zaud\u0113ja v\u0113l vien\u0101 geim\u0101, piek\u0101pjoties pirmaj\u0101 set\u0101 ar 5-7.<\/p>\n<p>Otraj\u0101 set\u0101 Ostapenko non\u0101ca iedzin\u0113jos ar 2-3 un neturpin\u0101ja ma\u010du.<\/p>\n<p>Zaud\u0113jums pirmaj\u0101 k\u0101rt\u0101 dod vienu WTA viensp\u0113\u013cu ranga punktu.<\/p>\n<p>Latvijas tenisiste sezonu s\u0101ka Brisbenas &#8220;WTA 500&#8221; turn\u012br\u0101, kur\u0101 zaud\u0113ja pirmaj\u0101 viensp\u0113\u013cu ma\u010d\u0101, ta\u010du kop\u0101 ar taiv\u0101nieti Suveju Sje izc\u012bn\u012bja dubultsp\u0113\u013cu titulu.<\/p>\n<p>Ostapenko joproj\u0101m nav izc\u012bn\u012bjusi uzvaru viensp\u0113l\u0113s kop\u0161 b\u0113d\u012bgi slaven\u0101 ma\u010da pret Teilori Taunzendu 2025. gada august\u0101. \u0160aj\u0101 laik\u0101 latviete zaud\u0113jusi se\u0161os ma\u010dos \u2013 divas reizes p\u0113c izst\u0101\u0161an\u0101s \u2013, uzvarot tikai vien\u0101 set\u0101.<\/p>\n<p>Valentova Brisbenas turn\u012br\u0101 zaud\u0113ja pirmaj\u0101 ma\u010d\u0101, bet Adelaides sacens\u012bbas s\u0101ka kvalifik\u0101cij\u0101, izc\u012bnot divas uzvaras. 18 gadus vec\u0101 \u010dehiete ir 2024. gada &#8220;French Open&#8221; junioru turn\u012bra uzvar\u0113t\u0101ja un l\u012bdz\u0161in\u0113j\u0101 karjer\u0101 izc\u012bn\u012bjusi divus &#8220;WTA 125&#8221; titulus. P\u0113rn oktobr\u012b vi\u0146a aizc\u012bn\u012bj\u0101s l\u012bdz Osakas &#8220;WTA 250&#8221; turn\u012bra fin\u0101lam, kur\u0101 piedz\u012bvoja zaud\u0113jumu.<\/p>\n<p>Ostapenko Adelaides turn\u012br\u0101 sp\u0113l\u0113ja ceturto reizi. 2024. gad\u0101 vi\u0146a k\u013cuva par \u0161\u012b turn\u012bra \u010dempioni, bet p\u0113rn otraj\u0101 sp\u0113l\u0113 zaud\u0113ja K\u012bzai.<\/p>\n<p>Turn\u012brs Adelaid\u0113 norisin\u0101s ciet\u0101 seguma kortos un ir viena no sagatavo\u0161an\u0101s sacens\u012bb\u0101m Austr\u0101lijas atkl\u0101tajam \u010dempion\u0101tam.<\/p>\n","protected":false},"excerpt":{"rendered":"Ostapenko, kura WTA rang\u0101 ie\u0146em 24. vietu ar 5-7, 2-3 piek\u0101p\u0101s \u010dehietei Terezai Valentovai (WTA 60.). Pirmaj\u0101 set\u0101&hellip;\n","protected":false},"author":2,"featured_media":103552,"comment_status":"","ping_status":"","sticky":false,"template":"","format":"standard","meta":{"footnotes":""},"categories":[5],"tags":[23,680,28,29,32,33,22,30,31,35,39,38,36,37,34,40,20,26,27,941,683,24,25,21],"class_list":{"0":"post-103551","1":"post","2":"type-post","3":"status-publish","4":"format-standard","5":"has-post-thumbnail","7":"category-aktualitates","8":"tag-aktualitates","9":"tag-alona-ostapenko","10":"tag-breaking-news","11":"tag-breakingnews","12":"tag-featured-news","13":"tag-featurednews","14":"tag-headlines","15":"tag-latest-news","16":"tag-latestnews","17":"tag-latvia","18":"tag-latvian","19":"tag-latviesu","20":"tag-latviesu-valoda","21":"tag-latviesuvaloda","22":"tag-latvija","23":"tag-lv","24":"tag-news","25":"tag-popularakas-zinas","26":"tag-popularakaszinas","27":"tag-sieviesu-teniss","28":"tag-teniss","29":"tag-top-stories","30":"tag-topstories","31":"tag-zinas"},"share_on_mastodon":{"url":"https:\/\/pubeurope.com\/@lv\/115889642056324720","error":""},"_links":{"self":[{"href":"https:\/\/www.europesays.com\/lv\/wp-json\/wp\/v2\/posts\/103551","targetHints":{"allow":["GET"]}}],"collection":[{"href":"https:\/\/www.europesays.com\/lv\/wp-json\/wp\/v2\/posts"}],"about":[{"href":"https:\/\/www.europesays.com\/lv\/wp-json\/wp\/v2\/types\/post"}],"author":[{"embeddable":true,"href":"https:\/\/www.europesays.com\/lv\/wp-json\/wp\/v2\/users\/2"}],"replies":[{"embeddable":true,"href":"https:\/\/www.europesays.com\/lv\/wp-json\/wp\/v2\/comments?post=103551"}],"version-history":[{"count":0,"href":"https:\/\/www.europesays.com\/lv\/wp-json\/wp\/v2\/posts\/103551\/revisions"}],"wp:featuredmedia":[{"embeddable":true,"href":"https:\/\/www.europesays.com\/lv\/wp-json\/wp\/v2\/media\/103552"}],"wp:attachment":[{"href":"https:\/\/www.europesays.com\/lv\/wp-json\/wp\/v2\/media?parent=103551"}],"wp:term":[{"taxonomy":"category","embeddable":true,"href":"https:\/\/www.europesays.com\/lv\/wp-json\/wp\/v2\/categories?post=103551"},{"taxonomy":"post_tag","embeddable":true,"href":"https:\/\/www.europesays.com\/lv\/wp-json\/wp\/v2\/tags?post=103551"}],"curies":[{"name":"wp","href":"https:\/\/api.w.org\/{rel}","templated":true}]}}