{"id":103555,"date":"2026-01-13T20:26:07","date_gmt":"2026-01-13T20:26:07","guid":{"rendered":"https:\/\/www.europesays.com\/lv\/103555\/"},"modified":"2026-01-13T20:26:07","modified_gmt":"2026-01-13T20:26:07","slug":"savainojuma-del-eriks-mateiko-nespeles-olimpiskajas-speles-vina-vieta-anri-ravinskis-lente-lv","status":"publish","type":"post","link":"https:\/\/www.europesays.com\/lv\/103555\/","title":{"rendered":"Savainojuma d\u0113\u013c \u0112riks Mateiko nesp\u0113l\u0113s olimpiskaj\u0101s sp\u0113l\u0113s, vi\u0146a viet\u0101 Anr\u012b Ravinskis\u00a0\u2014\u00a0Lente.lv"},"content":{"rendered":"<p>Mateiko trauma izsl\u0113dz no olimpiskaj\u0101m sp\u0113l\u0113m<\/p>\n<p>Latvijas hokeja izlases uzbruc\u0113js \u0112riks Mateiko nevar\u0113s piedal\u012bties gaid\u0101maj\u0101s Mil\u0101nas un Kort\u012bnas d&#8217;Ampeco olimpiskaj\u0101s sp\u0113l\u0113s savainojuma d\u0113\u013c. K\u0101 inform\u0113 port\u0101ls jauns.lv, 20 gadus vecajam hokejistam tuv\u0101kaj\u0101 laik\u0101 tiks veikta oper\u0101cija, kas vi\u0146u \u0101rpus ierindas patur\u0113s aptuveni se\u0161us m\u0113ne\u0161us.<\/p>\n<p>Mateiko guva traumu aizvad\u012btaj\u0101 nakt\u012b Amerikas Hokeja l\u012bgas (AHL) sp\u0113l\u0113, kur\u0101 vi\u0146a p\u0101rst\u0101v\u0113t\u0101 komanda H\u0113r\u0161ijas \u201cBears\u201d tik\u0101s ar Kl\u012bvlendas \u201cMonsters\u201d. Savainojums g\u016bts \u0137erme\u0146a lejasda\u013c\u0101, un prec\u012bza diagnoze v\u0113l tiek preciz\u0113ta, ta\u010du kluba vad\u012bba jau nor\u0101d\u012bjusi, ka Mateiko nevar\u0113s turpin\u0101t sp\u0113li.<\/p>\n<p>Ravinskis k\u0101 aizst\u0101j\u0113js<\/p>\n<p>Latvijas Hokeja feder\u0101cija (LHF) ir pazi\u0146ojusi, ka Mateiko viet\u0101 sast\u0101v\u0101 iek\u013cauts uzbruc\u0113js Anr\u012b Ravinskis. Ravinskim \u0161\u012b b\u016bs debija olimpiskaj\u0101s sp\u0113l\u0113s. \u0160obr\u012bd 23 gadus vecais Ravinskis sav\u0101 debijas sezon\u0101 Amerikas Hokeja l\u012bg\u0101 (AHL) 22 sp\u0113l\u0113s ir guvis divus v\u0101rtus un atdevis vienu rezultat\u012bvu piesp\u0113li.<\/p>\n<p>Ravinskis ir HK Prizma audz\u0113knis un savulaik sp\u0113l\u0113jis ar\u012b Kan\u0101das junioru l\u012bg\u0101s. Vi\u0146am ir l\u012bgums ar NHL klubu Vank\u016bveras \u201cCanucks\u201d, un vi\u0146\u0161 p\u0101rst\u0101v t\u0101 f\u0101rmklubu Ebotsfordas \u201cCanucks\u201d AHL.<\/p>\n<p>Latvijas izlases gatavo\u0161an\u0101s<\/p>\n<p>Latvijas hokeja izlase gatavo\u0161anos olimpiskajam turn\u012bram uzs\u0101ks 2. febru\u0101r\u012b \u201cDaugavas ledus hall\u0113\u201d. Komanda uz It\u0101liju dosies 5. febru\u0101r\u012b. Pirms turn\u012bra paredz\u0113ta ar\u012b viena p\u0101rbaudes sp\u0113le Mil\u0101n\u0101 pret V\u0101cijas valstsvien\u012bbu.<\/p>\n<p>Olimpiskais hokeja turn\u012brs Mil\u0101n\u0101 un Kort\u012bn\u0101 notiks no 11. l\u012bdz 22. febru\u0101rim. Latvijas izlase C apak\u0161grup\u0101 tiksies ar ASV, V\u0101ciju un D\u0101niju.<\/p>\n","protected":false},"excerpt":{"rendered":"Mateiko trauma izsl\u0113dz no olimpiskaj\u0101m sp\u0113l\u0113m Latvijas hokeja izlases uzbruc\u0113js \u0112riks Mateiko nevar\u0113s piedal\u012bties gaid\u0101maj\u0101s Mil\u0101nas un Kort\u012bnas&hellip;\n","protected":false},"author":2,"featured_media":103556,"comment_status":"","ping_status":"","sticky":false,"template":"","format":"standard","meta":{"footnotes":""},"categories":[17],"tags":[11011,840,394,35,39,38,36,37,34,4765,40,1500,67],"class_list":{"0":"post-103555","1":"post","2":"type-post","3":"status-publish","4":"format-standard","5":"has-post-thumbnail","7":"category-sports","8":"tag-anri-ravinskis","9":"tag-eriks-mateiko","10":"tag-hokejs","11":"tag-latvia","12":"tag-latvian","13":"tag-latviesu","14":"tag-latviesu-valoda","15":"tag-latviesuvaloda","16":"tag-latvija","17":"tag-latvijas-izlase","18":"tag-lv","19":"tag-olimpiskas-speles","20":"tag-sports"},"share_on_mastodon":{"url":"https:\/\/pubeurope.com\/@lv\/115889673619070354","error":""},"_links":{"self":[{"href":"https:\/\/www.europesays.com\/lv\/wp-json\/wp\/v2\/posts\/103555","targetHints":{"allow":["GET"]}}],"collection":[{"href":"https:\/\/www.europesays.com\/lv\/wp-json\/wp\/v2\/posts"}],"about":[{"href":"https:\/\/www.europesays.com\/lv\/wp-json\/wp\/v2\/types\/post"}],"author":[{"embeddable":true,"href":"https:\/\/www.europesays.com\/lv\/wp-json\/wp\/v2\/users\/2"}],"replies":[{"embeddable":true,"href":"https:\/\/www.europesays.com\/lv\/wp-json\/wp\/v2\/comments?post=103555"}],"version-history":[{"count":0,"href":"https:\/\/www.europesays.com\/lv\/wp-json\/wp\/v2\/posts\/103555\/revisions"}],"wp:featuredmedia":[{"embeddable":true,"href":"https:\/\/www.europesays.com\/lv\/wp-json\/wp\/v2\/media\/103556"}],"wp:attachment":[{"href":"https:\/\/www.europesays.com\/lv\/wp-json\/wp\/v2\/media?parent=103555"}],"wp:term":[{"taxonomy":"category","embeddable":true,"href":"https:\/\/www.europesays.com\/lv\/wp-json\/wp\/v2\/categories?post=103555"},{"taxonomy":"post_tag","embeddable":true,"href":"https:\/\/www.europesays.com\/lv\/wp-json\/wp\/v2\/tags?post=103555"}],"curies":[{"name":"wp","href":"https:\/\/api.w.org\/{rel}","templated":true}]}}