{"id":103569,"date":"2026-01-13T20:36:08","date_gmt":"2026-01-13T20:36:08","guid":{"rendered":"https:\/\/www.europesays.com\/lv\/103569\/"},"modified":"2026-01-13T20:36:08","modified_gmt":"2026-01-13T20:36:08","slug":"trampa-manevri-no-aizmugures-putinam-atliek-verot-ka-krit-sabiedrotie","status":"publish","type":"post","link":"https:\/\/www.europesays.com\/lv\/103569\/","title":{"rendered":"Trampa manevri no aizmugures; Putinam atliek v\u0113rot, k\u0101 kr\u012bt sabiedrotie"},"content":{"rendered":"<p>    <img decoding=\"async\" src=\"https:\/\/www.europesays.com\/lv\/wp-content\/uploads\/2025\/10\/afp_69n8223-1024x696.jpg\" alt=\"&#10;\"\/><\/p>\n<p>Foto: Scanpix\/AFP\/LETA\n<\/p>\n<p>21:33, 13. janv\u0101ris 2026<\/p>\n<p>Daudzas Donalda Trampa darb\u012bbas ir ietekm\u0113ju\u0161as Krievijas tie\u0161os sabiedrotos, un eksperti uzsver, ka Ir\u0101nas re\u017e\u012bma destabiliz\u0101cija tagad tie\u0161i ietekm\u0113s Maskavas un Vladimira Putina personisk\u0101s poz\u012bcijas \u0123eopolitiskaj\u0101 ar\u0113n\u0101. <\/p>\n<p>        Las\u012bt\u0101kie<br \/>\n        <a data-imagesrc=\"{&quot;300&quot;:&quot;https:\\\/\\\/lastatic.ams3.cdn.digitaloceanspaces.com\\\/2017\\\/10\\\/Pauls2_TS_4-300x264.jpg&quot;,&quot;768&quot;:&quot;https:\\\/\\\/lastatic.ams3.cdn.digitaloceanspaces.com\\\/2017\\\/10\\\/Pauls2_TS_4-768x676.jpg&quot;,&quot;80&quot;:&quot;https:\\\/\\\/lastatic.ams3.cdn.digitaloceanspaces.com\\\/2017\\\/10\\\/Pauls2_TS_4-80x48.jpg&quot;,&quot;112&quot;:&quot;https:\\\/\\\/lastatic.ams3.cdn.digitaloceanspaces.com\\\/2017\\\/10\\\/Pauls2_TS_4-112x64.jpg&quot;,&quot;664&quot;:&quot;https:\\\/\\\/lastatic.ams3.cdn.digitaloceanspaces.com\\\/2017\\\/10\\\/Pauls2_TS_4-664x584.jpg&quot;,&quot;182&quot;:&quot;https:\\\/\\\/lastatic.ams3.cdn.digitaloceanspaces.com\\\/2017\\\/10\\\/Pauls2_TS_4-182x160.jpg&quot;,&quot;263&quot;:&quot;https:\\\/\\\/lastatic.ams3.cdn.digitaloceanspaces.com\\\/2017\\\/10\\\/Pauls2_TS_4-263x231.jpg&quot;,&quot;384&quot;:&quot;https:\\\/\\\/lastatic.ams3.cdn.digitaloceanspaces.com\\\/2017\\\/10\\\/Pauls2_TS_4-384x338.jpg&quot;,&quot;118&quot;:&quot;https:\\\/\\\/lastatic.ams3.cdn.digitaloceanspaces.com\\\/2017\\\/10\\\/Pauls2_TS_4-118x70.jpg&quot;,&quot;348&quot;:&quot;https:\\\/\\\/lastatic.ams3.cdn.digitaloceanspaces.com\\\/2017\\\/10\\\/Pauls2_TS_4-348x225.jpg&quot;,&quot;640&quot;:&quot;https:\\\/\\\/lastatic.ams3.cdn.digitaloceanspaces.com\\\/2017\\\/10\\\/Pauls2_TS_4-640x640.jpg&quot;,&quot;90&quot;:&quot;https:\\\/\\\/lastatic.ams3.cdn.digitaloceanspaces.com\\\/2017\\\/10\\\/Pauls2_TS_4-90x58.jpg&quot;,&quot;1000&quot;:&quot;https:\\\/\\\/lastatic.ams3.cdn.digitaloceanspaces.com\\\/2017\\\/10\\\/Pauls2_TS_4.jpg&quot;}\" data-focuspoint=\"&quot;&quot;\" data-p=\"2492257\" href=\"https:\/\/www.la.lv\/slapjs-uzvalka-bailes-no-porzinga-un-brauciens-uz-krematoriju-raimonda-paula-joku-izlase-kas-sasmidina-lidz-asaram\" class=\"content-item lazy-load\" wp_automatic_readability=\"27.5\" rel=\"nofollow noopener\" target=\"_blank\"><\/p>\n<p>                                <img decoding=\"async\" src=\"\" alt=\"\" style=\"\" data-imageid=\"\"\/><\/p>\n<p>                                Kokteilis<\/p>\n<p>\n                                                Slapj\u0161 uzvalk\u0101, bailes no Porzi\u0146\u0123a un brauciens uz krematoriju \u2013 Raimonda Paula joku izlase, kas sasm\u012bdina l\u012bdz asar\u0101m<\/p>\n<p><\/a><a data-imagesrc=\"{&quot;300&quot;:&quot;https:\\\/\\\/lastatic.ams3.cdn.digitaloceanspaces.com\\\/2025\\\/11\\\/pexels-ketut-subiyanto-4246061-300x200.jpg&quot;,&quot;1024&quot;:&quot;https:\\\/\\\/lastatic.ams3.cdn.digitaloceanspaces.com\\\/2025\\\/11\\\/pexels-ketut-subiyanto-4246061-1024x683.jpg&quot;,&quot;1536&quot;:&quot;https:\\\/\\\/lastatic.ams3.cdn.digitaloceanspaces.com\\\/2025\\\/11\\\/pexels-ketut-subiyanto-4246061-1536x1024.jpg&quot;,&quot;500&quot;:&quot;https:\\\/\\\/lastatic.ams3.cdn.digitaloceanspaces.com\\\/2025\\\/11\\\/pexels-ketut-subiyanto-4246061-500x333.jpg&quot;,&quot;800&quot;:&quot;https:\\\/\\\/lastatic.ams3.cdn.digitaloceanspaces.com\\\/2025\\\/11\\\/pexels-ketut-subiyanto-4246061-800x533.jpg&quot;,&quot;2560&quot;:&quot;https:\\\/\\\/lastatic.ams3.cdn.digitaloceanspaces.com\\\/2025\\\/11\\\/pexels-ketut-subiyanto-4246061-scaled.jpg&quot;}\" data-focuspoint=\"&quot;&quot;\" data-p=\"2492892\" href=\"https:\/\/www.la.lv\/ja-tavs-vards-sakas-ar-vienu-no-siem-pieciem-burtiem-tev-ir-paveicies\" class=\"content-item lazy-load\" wp_automatic_readability=\"26.5\" rel=\"nofollow noopener\" target=\"_blank\"><\/p>\n<p>                                <img decoding=\"async\" src=\"\" alt=\"\" style=\"\" data-imageid=\"\"\/><\/p>\n<p>\n                                                Ja tavs v\u0101rds s\u0101kas ar vienu no \u0161iem pieciem burtiem, tev ir paveicies\n                            <\/p>\n<p><\/a><a data-imagesrc=\"{&quot;300&quot;:&quot;https:\\\/\\\/lastatic.ams3.cdn.digitaloceanspaces.com\\\/2026\\\/01\\\/pexels-cottonbro-9654725-300x200.jpg&quot;,&quot;1024&quot;:&quot;https:\\\/\\\/lastatic.ams3.cdn.digitaloceanspaces.com\\\/2026\\\/01\\\/pexels-cottonbro-9654725-1024x683.jpg&quot;,&quot;1536&quot;:&quot;https:\\\/\\\/lastatic.ams3.cdn.digitaloceanspaces.com\\\/2026\\\/01\\\/pexels-cottonbro-9654725-1536x1024.jpg&quot;,&quot;500&quot;:&quot;https:\\\/\\\/lastatic.ams3.cdn.digitaloceanspaces.com\\\/2026\\\/01\\\/pexels-cottonbro-9654725-500x333.jpg&quot;,&quot;800&quot;:&quot;https:\\\/\\\/lastatic.ams3.cdn.digitaloceanspaces.com\\\/2026\\\/01\\\/pexels-cottonbro-9654725-800x533.jpg&quot;,&quot;2560&quot;:&quot;https:\\\/\\\/lastatic.ams3.cdn.digitaloceanspaces.com\\\/2026\\\/01\\\/pexels-cottonbro-9654725-scaled.jpg&quot;}\" data-focuspoint=\"&quot;&quot;\" data-p=\"2488952\" href=\"https:\/\/www.la.lv\/astrologi-sarindojusi-zodiaka-zimes-pec-prata-spejam-pirmo-vietu-aiznem-dvini-bet-pedejo\" class=\"content-item lazy-load\" wp_automatic_readability=\"27\" rel=\"nofollow noopener\" target=\"_blank\"><\/p>\n<p>                                <img decoding=\"async\" src=\"\" alt=\"\" style=\"\" data-imageid=\"\"\/><\/p>\n<p>                                Kokteilis<\/p>\n<p>\n                                                Astrologi sarindoju\u0161i zodiaka z\u012bmes p\u0113c pr\u0101ta sp\u0113j\u0101m: pirmo vietu aiz\u0146em Dv\u012b\u0146i, bet p\u0113d\u0113jo\u2026\n                            <\/p>\n<p><\/a><br \/>\n        <a class=\"read-more\" href=\"https:\/\/www.la.lv\/top\" rel=\"nofollow noopener\" target=\"_blank\">Las\u012bt citas zi\u0146as<\/a><\/p>\n<p>ASV prezidents Donalds Tramps r\u016bp\u012bgi seko notikumiem Ir\u0101n\u0101 un nav izsl\u0113dzis iesp\u0113ju sniegt skarbu atbildi uz protestu vardarb\u012bgo apspie\u0161anu. Amerik\u0101\u0146u l\u012bderis jau ir piedraud\u0113jis Teher\u0101nai ar \u201c\u013coti sp\u0113c\u012bg\u0101m iesp\u0113j\u0101m\u201d, ja Ir\u0101nas vald\u012bba uzbruks ASV milit\u0101rajiem vai komerci\u0101lajiem objektiem. <\/p>\n<p>Eksperti nor\u0101da, ka Va\u0161ingtonai ir vair\u0101kas intervences iesp\u0113jas, savuk\u0101rt Krievijas strat\u0113\u0123ija \u2013 k\u0101 Ir\u0101nas re\u017e\u012bma galvenajai sabiedrotajai \u2013 ir \u013coti ierobe\u017eota. <\/p>\n<p>    CITI \u0160OBR\u012aD LASA<\/p>\n<p>Vietne Dialog.ua ir apkopojusi vair\u0101ku vado\u0161o anal\u012bti\u0137u ekspertu viedok\u013cus. Ukrainas Bru\u0146oto sp\u0113ku karav\u012brs Oleksandrs Musijenko uzsver, ka ASV darb\u012bbas var\u0113tu b\u016bt \u0101tras un m\u0113r\u0137tiec\u012bgas. P\u0113c Musijenko teikt\u0101, ASV var\u0113tu veikt gaisa triecienus vai viet\u0113jas speci\u0101l\u0101s oper\u0101cijas, tostarp koordin\u0113jot darb\u012bbas ar Izra\u0113lu, kuras izl\u016bkdienesti labi p\u0101rzina Ir\u0101nas re\u017e\u012bma strukt\u016bru.<\/p>\n<p>Politologs Igors Reiterovi\u010ds identific\u0113 divas iesp\u0113jam\u0101s Balt\u0101 nama atbildes. Pirm\u0101 ir tie\u0161a ASV iesaist\u012b\u0161an\u0101s ar m\u0113r\u0137tiec\u012bgiem triecieniem pret vald\u012bbas amatperson\u0101m. <\/p>\n<p>Vi\u0146\u0161 nor\u0101d\u012bjis, ka Ir\u0101n\u0101 ir divi ietekmes centri: laic\u012bgais un gar\u012bgais. \u201cJa m\u0113s s\u0101ksim m\u0113r\u0137tiec\u012bgus uzbrukumus cilv\u0113kiem, kas vada \u0161\u012bs iest\u0101des, situ\u0101cija var\u0113tu \u013coti \u0101tri main\u012bties par sliktu pa\u0161reiz\u0113jam re\u017e\u012bmam Ir\u0101n\u0101,\u201d sac\u012bja eksperts.<\/p>\n<p>Otra iesp\u0113ja ir dot za\u013co gaismu ASV sabiedrotajiem re\u0123ion\u0101, galvenok\u0101rt Izra\u0113lai, neveicot sauszemes oper\u0101ciju. <\/p>\n<p>Krievijas nost\u0101ja un Putina ierobe\u017eot\u0101 ietekme<\/p>\n<p>Krievijas nost\u0101ja ir atsevi\u0161\u0137s jaut\u0101jums. Aleksandrs Musijenko ir p\u0101rliecin\u0101ts, ka Kremlis neiejauksies: \u201cEs dom\u0101ju, ka Kremlis vienk\u0101r\u0161i pie\u0146ems visu, k\u0101 ir,\u201d vi\u0146\u0161 teica, piebilstot, ka Vladimirs Putins pa\u0161laik koncentr\u0113jas uz karu pret Ukrainu un vi\u0146am vienk\u0101r\u0161i nav resursu, lai aizst\u0101v\u0113tu Ir\u0101nu.<\/p>\n<p>Ukrainas bru\u0146oto sp\u0113ku pulkve\u017eleitnants Tarass Berezovecs uzskata, ka Ir\u0101nu var\u0113tu piemekl\u0113t t\u0101ds pats liktenis k\u0101 citus Maskavas sabiedrotos: \u201cUn paskatieties, k\u0101 kr\u012bt visi Putina sabiedrotie, un vi\u0146\u0161 pats izskat\u0101s piln\u012bgi bezpal\u012bdz\u012bgs un nesp\u0113j\u012bgs neko dar\u012bt. Un pats galvenais, vi\u0146\u0161 pat nem\u0113\u0123ina vi\u0146iem pal\u012bdz\u0113t,\u201d vi\u0146\u0161 atz\u012bm\u0113ja.<\/p>\n<p>Eksperti uzskata, ka potenci\u0101l\u0101s ASV darb\u012bbas Ir\u0101n\u0101 var\u0113tu b\u016bt v\u0113l viens trieciens Krievijas poz\u012bcij\u0101m un diktatoram Putinam person\u012bgi, demonstr\u0113jot Krem\u013ca ierobe\u017eoto ietekmi uz t\u0101 sabiedrotajiem.<\/p>\n<p>T\u0113mas<\/p>\n<p>    SAIST\u012aTIE RAKSTI<\/p>\n","protected":false},"excerpt":{"rendered":"Foto: Scanpix\/AFP\/LETA 21:33, 13. janv\u0101ris 2026 Daudzas Donalda Trampa darb\u012bbas ir ietekm\u0113ju\u0161as Krievijas tie\u0161os sabiedrotos, un eksperti uzsver,&hellip;\n","protected":false},"author":2,"featured_media":18372,"comment_status":"","ping_status":"","sticky":false,"template":"","format":"standard","meta":{"footnotes":""},"categories":[5],"tags":[23,28,29,32,33,22,30,31,35,39,38,36,37,34,40,20,26,27,24,25,21],"class_list":{"0":"post-103569","1":"post","2":"type-post","3":"status-publish","4":"format-standard","5":"has-post-thumbnail","7":"category-aktualitates","8":"tag-aktualitates","9":"tag-breaking-news","10":"tag-breakingnews","11":"tag-featured-news","12":"tag-featurednews","13":"tag-headlines","14":"tag-latest-news","15":"tag-latestnews","16":"tag-latvia","17":"tag-latvian","18":"tag-latviesu","19":"tag-latviesu-valoda","20":"tag-latviesuvaloda","21":"tag-latvija","22":"tag-lv","23":"tag-news","24":"tag-popularakas-zinas","25":"tag-popularakaszinas","26":"tag-top-stories","27":"tag-topstories","28":"tag-zinas"},"share_on_mastodon":{"url":"https:\/\/pubeurope.com\/@lv\/115889712859660128","error":""},"_links":{"self":[{"href":"https:\/\/www.europesays.com\/lv\/wp-json\/wp\/v2\/posts\/103569","targetHints":{"allow":["GET"]}}],"collection":[{"href":"https:\/\/www.europesays.com\/lv\/wp-json\/wp\/v2\/posts"}],"about":[{"href":"https:\/\/www.europesays.com\/lv\/wp-json\/wp\/v2\/types\/post"}],"author":[{"embeddable":true,"href":"https:\/\/www.europesays.com\/lv\/wp-json\/wp\/v2\/users\/2"}],"replies":[{"embeddable":true,"href":"https:\/\/www.europesays.com\/lv\/wp-json\/wp\/v2\/comments?post=103569"}],"version-history":[{"count":0,"href":"https:\/\/www.europesays.com\/lv\/wp-json\/wp\/v2\/posts\/103569\/revisions"}],"wp:featuredmedia":[{"embeddable":true,"href":"https:\/\/www.europesays.com\/lv\/wp-json\/wp\/v2\/media\/18372"}],"wp:attachment":[{"href":"https:\/\/www.europesays.com\/lv\/wp-json\/wp\/v2\/media?parent=103569"}],"wp:term":[{"taxonomy":"category","embeddable":true,"href":"https:\/\/www.europesays.com\/lv\/wp-json\/wp\/v2\/categories?post=103569"},{"taxonomy":"post_tag","embeddable":true,"href":"https:\/\/www.europesays.com\/lv\/wp-json\/wp\/v2\/tags?post=103569"}],"curies":[{"name":"wp","href":"https:\/\/api.w.org\/{rel}","templated":true}]}}