{"id":103572,"date":"2026-01-13T20:44:10","date_gmt":"2026-01-13T20:44:10","guid":{"rendered":"https:\/\/www.europesays.com\/lv\/103572\/"},"modified":"2026-01-13T20:44:10","modified_gmt":"2026-01-13T20:44:10","slug":"ilgtermina-sadarbiba-zagara-fenerbahce-vel-tris-gadus-vadis-treneris-jasikevics","status":"publish","type":"post","link":"https:\/\/www.europesays.com\/lv\/103572\/","title":{"rendered":"Ilgtermi\u0146a sadarb\u012bba \u2013 \u017dagara \u201cFenerbahce\u201d v\u0113l tr\u012bs gadus vad\u012bs treneris Jasik\u0113vi\u010ds"},"content":{"rendered":"<p>Eirol\u012bg\u0101 \u201cFenerbahce\u201d \u0161osezon ar 13 uzvar\u0101m 20 sp\u0113l\u0113s ie\u0146em piekto vietu 20 komandu vid\u016b, bet Turcijas \u010dempion\u0101t\u0101 ar bilanci 13-2 ir l\u012bdere.<\/p>\n<p>Pag\u0101ju\u0161aj\u0101 sezon\u0101 Jasik\u0113vi\u010da vad\u012bb\u0101 \u201cFenerbahce\u201d izc\u012bn\u012bja tr\u012bs titulus \u2013 Eirol\u012bg\u0101, Turcijas \u010dempion\u0101t\u0101 un Turcijas kaus\u0101.<\/p>\n<p>Pirms \u201cFenerbahce\u201d lietuvietis vad\u012bja Sp\u0101nijas komandu \u201cBarcelona\u201d, kas 2023. gad\u0101 p\u0113c tr\u012bs gadu sadarb\u012bbas atbr\u012bvoja vi\u0146u no darba. Tr\u012bs sezonu laik\u0101 Jasik\u0113vi\u010da vad\u012bb\u0101 \u201cBarcelona\u201d divreiz uzvar\u0113ja Sp\u0101nijas \u010dempion\u0101t\u0101 un divreiz uzvar\u0113ja Kara\u013ca kaus\u0101, k\u0101 ar\u012b tr\u012bs reizes pal\u012bdz\u0113ja komandai iek\u013c\u016bt Eirol\u012bgas fin\u0101l\u010detriniek\u0101.<\/p>\n<p>P\u0113c karjeras beig\u0101m Jasik\u0113vi\u010ds kop\u0161 2014. gada bija \u201c\u017dalgiris\u201d galven\u0101 trenera pal\u012bgs, bet 2016. gad\u0101 vi\u0146\u0161 k\u013cuva par galveno treneri, Lietuvas superklubu vadot l\u012bdz 2020. gadam.<\/p>\n<p class=\"tv3-fw-500\">Zi\u0146o par k\u013c\u016bdu rakst\u0101<\/p>\n<p class=\"d-md-block d-none\">Iez\u012bm\u0113 k\u013c\u016bdaino tekstu un spied Ctrl+Enter.<\/p>\n<p class=\"d-md-none d-block\">Iez\u012bm\u0113 k\u013c\u016bdaino tekstu un zi\u0146o par to!<\/p>\n","protected":false},"excerpt":{"rendered":"Eirol\u012bg\u0101 \u201cFenerbahce\u201d \u0161osezon ar 13 uzvar\u0101m 20 sp\u0113l\u0113s ie\u0146em piekto vietu 20 komandu vid\u016b, bet Turcijas \u010dempion\u0101t\u0101 ar&hellip;\n","protected":false},"author":2,"featured_media":103573,"comment_status":"","ping_status":"","sticky":false,"template":"","format":"standard","meta":{"footnotes":""},"categories":[17],"tags":[35,39,38,36,37,34,40,25012,67],"class_list":{"0":"post-103572","1":"post","2":"type-post","3":"status-publish","4":"format-standard","5":"has-post-thumbnail","7":"category-sports","8":"tag-latvia","9":"tag-latvian","10":"tag-latviesu","11":"tag-latviesu-valoda","12":"tag-latviesuvaloda","13":"tag-latvija","14":"tag-lv","15":"tag-saruns-jasikevicsstambulas-fenerbahce","16":"tag-sports"},"share_on_mastodon":{"url":"https:\/\/pubeurope.com\/@lv\/115889744270264341","error":""},"_links":{"self":[{"href":"https:\/\/www.europesays.com\/lv\/wp-json\/wp\/v2\/posts\/103572","targetHints":{"allow":["GET"]}}],"collection":[{"href":"https:\/\/www.europesays.com\/lv\/wp-json\/wp\/v2\/posts"}],"about":[{"href":"https:\/\/www.europesays.com\/lv\/wp-json\/wp\/v2\/types\/post"}],"author":[{"embeddable":true,"href":"https:\/\/www.europesays.com\/lv\/wp-json\/wp\/v2\/users\/2"}],"replies":[{"embeddable":true,"href":"https:\/\/www.europesays.com\/lv\/wp-json\/wp\/v2\/comments?post=103572"}],"version-history":[{"count":0,"href":"https:\/\/www.europesays.com\/lv\/wp-json\/wp\/v2\/posts\/103572\/revisions"}],"wp:featuredmedia":[{"embeddable":true,"href":"https:\/\/www.europesays.com\/lv\/wp-json\/wp\/v2\/media\/103573"}],"wp:attachment":[{"href":"https:\/\/www.europesays.com\/lv\/wp-json\/wp\/v2\/media?parent=103572"}],"wp:term":[{"taxonomy":"category","embeddable":true,"href":"https:\/\/www.europesays.com\/lv\/wp-json\/wp\/v2\/categories?post=103572"},{"taxonomy":"post_tag","embeddable":true,"href":"https:\/\/www.europesays.com\/lv\/wp-json\/wp\/v2\/tags?post=103572"}],"curies":[{"name":"wp","href":"https:\/\/api.w.org\/{rel}","templated":true}]}}