{"id":103581,"date":"2026-01-13T21:06:13","date_gmt":"2026-01-13T21:06:13","guid":{"rendered":"https:\/\/www.europesays.com\/lv\/103581\/"},"modified":"2026-01-13T21:06:13","modified_gmt":"2026-01-13T21:06:13","slug":"nodrosina-finansejumu-ukrainas-civiliedzivotaju-izglitibas-ieguves-iespejam-latvijas-skolas","status":"publish","type":"post","link":"https:\/\/www.europesays.com\/lv\/103581\/","title":{"rendered":"Nodro\u0161ina finans\u0113jumu Ukrainas civiliedz\u012bvot\u0101ju izgl\u012bt\u012bbas ieguves iesp\u0113j\u0101m Latvijas skol\u0101s"},"content":{"rendered":"<p>Lai nodro\u0161in\u0101tu Ukrainas civiliedz\u012bvot\u0101ju b\u0113rnu izgl\u012bt\u012bbas ieguves iesp\u0113jas Latvij\u0101, vald\u012bba nodro\u0161in\u0101jusi finans\u0113jumu vair\u0101k nek\u0101 5,2 miljonu eiro apm\u0113r\u0101 pedagogu darba samaksai un izgl\u012bt\u012bbas pas\u0101kumiem l\u012bdz \u0161\u0101 gada 31. augustam.<\/p>\n<p>To paredz Izgl\u012bt\u012bbas un zin\u0101tnes ministrijas (IZM) sagatavotais r\u012bkojums par apropri\u0101cijas p\u0101rdali, kas \u0161odien, 2026. gada 13. janv\u0101r\u012b, apstiprin\u0101ts vald\u012bb\u0101.<\/p>\n<p>Finans\u0113jums 5 251 562 eiro apm\u0113r\u0101 nodro\u0161in\u0101ts laika posmam no 2026. gada 1. janv\u0101ra l\u012bdz 31. augustam par Ukrainas civiliedz\u012bvot\u0101jiem, kuri uz 2025. gada 1. septembri ir re\u0123istr\u0113ti Valsts izgl\u012bt\u012bbas inform\u0101cijas sist\u0113m\u0101 un turpina izgl\u012bt\u012bbas ieguvi ar\u012b p\u0113c 2025. gada 1. septembra.<\/p>\n<p>\u0160aj\u0101 m\u0101c\u012bbu gad\u0101 m\u0101c\u012bbas pa\u0161vald\u012bbu un priv\u0101taj\u0101s izgl\u012bt\u012bbas iest\u0101d\u0113s uzs\u0101ka 3242 (2024. gada 1. septembr\u012b \u2013 3322) Ukrainas civiliedz\u012bvot\u0101ji.<\/p>\n<p>Ja p\u0113c 2026. gada 1. septembra b\u016bs nepiecie\u0161ams finans\u0113jums par Ukrainas civiliedz\u012bvot\u0101jiem, jaut\u0101jums par nepiecie\u0161amo finans\u0113jumu 2026. gadam no septembra l\u012bdz decembrim tiks skat\u012bts vald\u012bb\u0101, veicot finans\u0113juma p\u0101rdali no bud\u017eeta resora \u201c74. Gadsk\u0101rt\u0113j\u0101 valsts bud\u017eeta izpildes proces\u0101 p\u0101rdal\u0101mais finans\u0113jums\u201d programmas 17.00.00 \u201cFinans\u0113jums Ukrainas civiliedz\u012bvot\u0101ju atbalsta likum\u0101 noteikto pas\u0101kumu \u012bsteno\u0161anai\u201d\u201d.<\/p>\n<p>Vald\u012bb\u0101 apstiprin\u0101tais r\u012bkojums <a href=\"https:\/\/tapportals.mk.gov.lv\/legal_acts\/9a4e2171-2446-4a51-99e9-b8524ee62c3a\" target=\"_blank\" rel=\"nofollow noopener\">\u201cPar apropri\u0101cijas p\u0101rdali no bud\u017eeta resora \u201c74. Gadsk\u0101rt\u0113j\u0101 valsts bud\u017eeta izpildes proces\u0101 p\u0101rdal\u0101mais finans\u0113jums\u201d programmas 17.00.00 \u201cFinans\u0113jums Ukrainas civiliedz\u012bvot\u0101ju atbalsta likum\u0101 noteikto pas\u0101kumu \u012bsteno\u0161anai\u201d<\/a> pieejams Ministru kabineta t\u012bmek\u013cvietn\u0113.<\/p>\n<p>          <img decoding=\"async\" src=\"https:\/\/www.europesays.com\/lv\/wp-content\/uploads\/2026\/01\/1767645852_487_logo-lv.png\" alt=\"\"\/><\/p>\n<p>                  \u0160\u012b inform\u0101cija ir publisks pazi\u0146ojums un neatspogu\u013co LV port\u0101la viedokli. Par t\u0101s saturu atbild ies\u016bt\u012bt\u0101js. <a data-popup=\"rules\">Public\u0113\u0161anas noteikumi<\/a><\/p>\n","protected":false},"excerpt":{"rendered":"Lai nodro\u0161in\u0101tu Ukrainas civiliedz\u012bvot\u0101ju b\u0113rnu izgl\u012bt\u012bbas ieguves iesp\u0113jas Latvij\u0101, vald\u012bba nodro\u0161in\u0101jusi finans\u0113jumu vair\u0101k nek\u0101 5,2 miljonu eiro apm\u0113r\u0101&hellip;\n","protected":false},"author":2,"featured_media":95583,"comment_status":"","ping_status":"","sticky":false,"template":"","format":"standard","meta":{"footnotes":""},"categories":[5],"tags":[23,28,29,32,33,22,30,31,35,39,38,36,37,34,40,20,26,27,24,25,21],"class_list":{"0":"post-103581","1":"post","2":"type-post","3":"status-publish","4":"format-standard","5":"has-post-thumbnail","7":"category-aktualitates","8":"tag-aktualitates","9":"tag-breaking-news","10":"tag-breakingnews","11":"tag-featured-news","12":"tag-featurednews","13":"tag-headlines","14":"tag-latest-news","15":"tag-latestnews","16":"tag-latvia","17":"tag-latvian","18":"tag-latviesu","19":"tag-latviesu-valoda","20":"tag-latviesuvaloda","21":"tag-latvija","22":"tag-lv","23":"tag-news","24":"tag-popularakas-zinas","25":"tag-popularakaszinas","26":"tag-top-stories","27":"tag-topstories","28":"tag-zinas"},"share_on_mastodon":{"url":"https:\/\/pubeurope.com\/@lv\/115889830773157754","error":""},"_links":{"self":[{"href":"https:\/\/www.europesays.com\/lv\/wp-json\/wp\/v2\/posts\/103581","targetHints":{"allow":["GET"]}}],"collection":[{"href":"https:\/\/www.europesays.com\/lv\/wp-json\/wp\/v2\/posts"}],"about":[{"href":"https:\/\/www.europesays.com\/lv\/wp-json\/wp\/v2\/types\/post"}],"author":[{"embeddable":true,"href":"https:\/\/www.europesays.com\/lv\/wp-json\/wp\/v2\/users\/2"}],"replies":[{"embeddable":true,"href":"https:\/\/www.europesays.com\/lv\/wp-json\/wp\/v2\/comments?post=103581"}],"version-history":[{"count":0,"href":"https:\/\/www.europesays.com\/lv\/wp-json\/wp\/v2\/posts\/103581\/revisions"}],"wp:featuredmedia":[{"embeddable":true,"href":"https:\/\/www.europesays.com\/lv\/wp-json\/wp\/v2\/media\/95583"}],"wp:attachment":[{"href":"https:\/\/www.europesays.com\/lv\/wp-json\/wp\/v2\/media?parent=103581"}],"wp:term":[{"taxonomy":"category","embeddable":true,"href":"https:\/\/www.europesays.com\/lv\/wp-json\/wp\/v2\/categories?post=103581"},{"taxonomy":"post_tag","embeddable":true,"href":"https:\/\/www.europesays.com\/lv\/wp-json\/wp\/v2\/tags?post=103581"}],"curies":[{"name":"wp","href":"https:\/\/api.w.org\/{rel}","templated":true}]}}