{"id":103582,"date":"2026-01-13T21:08:15","date_gmt":"2026-01-13T21:08:15","guid":{"rendered":"https:\/\/www.europesays.com\/lv\/103582\/"},"modified":"2026-01-13T21:08:15","modified_gmt":"2026-01-13T21:08:15","slug":"skiet-ka-cilveki-paskatas-uz-sastavu-atlantas-gm-komente-porzinga-baumas","status":"publish","type":"post","link":"https:\/\/www.europesays.com\/lv\/103582\/","title":{"rendered":"&#8220;\u0160\u0137iet, ka cilv\u0113ki paskat\u0101s uz sast\u0101vu&#8230;&#8221; &#8211; Atlantas \u0122M koment\u0113 Porzi\u0146\u0123a baumas"},"content":{"rendered":"<p>                                <img decoding=\"async\" src=\"https:\/\/www.europesays.com\/lv\/wp-content\/uploads\/2025\/12\/2248455995-1-750x450.jpg\"   alt=\"Kristaps Porzi\u0146\u0123is\" class=\"post-featured-image\"\/><\/p>\n<p>Kristaps Porzi\u0146\u0123is | Foto: Patrick Smith\/Getty Images\/AFP<\/p>\n<p>Nacion\u0101l\u0101s basketbola asoci\u0101cijas (NBA) kluba Atlantas \u201cHawks\u201d \u0123ener\u0101lmened\u017eeris Onsi Salehs <a href=\"https:\/\/www.youtube.com\/watch?v=a4v94XESp2E\" rel=\"nofollow noopener\" target=\"_blank\">atkl\u0101jis<\/a>, ka vi\u0146\u0161 ir apmierin\u0101ts ar komandas garajiem sp\u0113l\u0113t\u0101jiem, tostarp latvieti <a href=\"https:\/\/www.sportazinas.com\/atsl%C4%93gv%C4%81rdi\/kristaps-porzingis\/\" rel=\"nofollow noopener\" target=\"_blank\">Kristapu Porzi\u0146\u0123i<\/a>.<\/p>\n<p><a href=\"https:\/\/www.sportazinas.com\/bus-citi-lideri-hawks-aizmaina-ilggadejo-zvaigzni-jangu\/\" rel=\"nofollow noopener\" target=\"_blank\">J\u0101atg\u0101dina<\/a>, ka \u201cHawks\u201d pag\u0101ju\u0161aj\u0101 ned\u0113\u013c\u0101 aizmain\u012bja savu ilggad\u0113jo l\u012bderi Treju Jangu, kur\u0161 tagad non\u0101cis Va\u0161ingtonas \u201cWizards\u201d komand\u0101. P\u0113c \u0161\u012b dar\u012bjuma <a href=\"https:\/\/www.sportazinas.com\/uz-bijuso-klubu-hawks-gatavi-aizmainit-porzingi-lai-iegutu-superzvaigzni\/\" rel=\"nofollow noopener\" target=\"_blank\">izskan\u0113ja inform\u0101cija<\/a>, ka \u201cHawks\u201d pl\u0101ns ir ieg\u016bt Dalasas \u201cMavericks\u201d zvaigzni Entoniju Deivisu, kas savuk\u0101rt noz\u012bm\u0113tu, ka Atlantas vien\u012bba, visdr\u012bz\u0101k, \u0161\u0137irtos no Porzi\u0146\u0123a.<\/p>\n<p>Lai ar\u012b Porzi\u0146\u0123is vesel\u012bbas probl\u0113mu d\u0113\u013c \u0161osezon piedal\u012bjies tikai 17 no 41 sp\u0113l\u0113m, k\u0101 ar\u012b p\u0113c \u0161\u012bs sezonas beig\u0101m vi\u0146\u0161 var k\u013c\u016bt par br\u012bvo a\u0123entu, \u201cHawks\u201d \u0123ener\u0101lmened\u017eeris Salehs nor\u0101d\u012bjis, ka vi\u0146\u0161 latvieti v\u0113l nav gatavs aizmain\u012bt.<\/p>\n<p>\u201cDom\u0101ju, ka m\u0113s turpin\u0101sim visu izv\u0113rt\u0113t. Zinu, ka vi\u0146\u0161 [Porzi\u0146\u0123is] ilg\u0101ku laiku nav sp\u0113l\u0113jis, ta\u010du j\u016btamies p\u0101rliecin\u0101ti par vi\u0146a atgrie\u0161anos. Taj\u0101 pa\u0161\u0101 laik\u0101 m\u0113s nezin\u0101j\u0101m, vai mums \u0161osezon b\u016btu iesp\u0113ja redz\u0113t Asu [\u0145\u016belu, jauno centru] dar\u0101m t\u0101s lietas, ko vi\u0146\u0161 \u0161obr\u012bd dara, ja KP neb\u016btu izkritis no ierindas. T\u0101d\u0101 veid\u0101 m\u0113s lab\u0101k iepazin\u0101mies ar Asu, t\u0101pat t\u0101d\u0101 veid\u0101 lab\u0101k iepazin\u0101mies ar Mo [Mohamedu Geju],\u201d st\u0101st\u012bja Salehs.<\/p>\n<p>\u201c\u0160\u0137iet, ka cilv\u0113ki paskat\u0101s uz m\u016bsu sast\u0101vu, redz garo sp\u0113l\u0113t\u0101ju situ\u0101ciju un prasa, vai m\u0113s varam kaut ko tur dar\u012bt. Ta\u010du mums patie\u0161\u0101m pat\u012bk m\u016bsu garie sp\u0113l\u0113t\u0101ji!\u201d apgalvoja \u201cHawks\u201d \u0122M. \u201cM\u0113s vienk\u0101r\u0161i turpin\u0101sim situ\u0101ciju v\u0113rt\u0113t \u2013 mums priek\u0161\u0101 [pamatturn\u012br\u0101] v\u0113l ir 41 sp\u0113le, kas ir pietiekami ilgs laiks, lai visu atrisin\u0101tu.\u201d<\/p>\n<p>\u201cBet atk\u0101rto\u0161os \u2013 tas nav \u0101trs risin\u0101jums. M\u0113s nedar\u012bsim neko t\u0101du, lai tikai kaut ko izlabotu \u0161ai sezonai. T\u0101ds nav m\u016bsu pl\u0101ns \u2013 pats galvenais ir b\u016bv\u0113t visu ilgtermi\u0146\u0101. M\u0113s izv\u0113rt\u0113sim visu atliku\u0161o sezonu tad redz\u0113sim, k\u0101 viss att\u012bst\u012bsies. Esam patie\u0161\u0101m saj\u016bsm\u0101 par to, ko dara Onjeka [Okongvu], t\u0101pat par KP, kad vi\u0146\u0161 ir sp\u0113l\u0113jis, k\u0101 ar\u012b Mo un Asu. M\u0113s daudz ko par vi\u0146iem uzzin\u0101m un redzam, cik efekt\u012bvi vi\u0146i var\u0113tu b\u016bt,\u201d uzsv\u0113ra Salehs.<\/p>\n","protected":false},"excerpt":{"rendered":"Kristaps Porzi\u0146\u0123is | Foto: Patrick Smith\/Getty Images\/AFP Nacion\u0101l\u0101s basketbola asoci\u0101cijas (NBA) kluba Atlantas \u201cHawks\u201d \u0123ener\u0101lmened\u017eeris Onsi Salehs atkl\u0101jis,&hellip;\n","protected":false},"author":2,"featured_media":64483,"comment_status":"","ping_status":"","sticky":false,"template":"","format":"standard","meta":{"footnotes":""},"categories":[17],"tags":[35,39,38,36,37,34,40,67],"class_list":{"0":"post-103582","1":"post","2":"type-post","3":"status-publish","4":"format-standard","5":"has-post-thumbnail","7":"category-sports","8":"tag-latvia","9":"tag-latvian","10":"tag-latviesu","11":"tag-latviesu-valoda","12":"tag-latviesuvaloda","13":"tag-latvija","14":"tag-lv","15":"tag-sports"},"share_on_mastodon":{"url":"https:\/\/pubeurope.com\/@lv\/115889838712502133","error":""},"_links":{"self":[{"href":"https:\/\/www.europesays.com\/lv\/wp-json\/wp\/v2\/posts\/103582","targetHints":{"allow":["GET"]}}],"collection":[{"href":"https:\/\/www.europesays.com\/lv\/wp-json\/wp\/v2\/posts"}],"about":[{"href":"https:\/\/www.europesays.com\/lv\/wp-json\/wp\/v2\/types\/post"}],"author":[{"embeddable":true,"href":"https:\/\/www.europesays.com\/lv\/wp-json\/wp\/v2\/users\/2"}],"replies":[{"embeddable":true,"href":"https:\/\/www.europesays.com\/lv\/wp-json\/wp\/v2\/comments?post=103582"}],"version-history":[{"count":0,"href":"https:\/\/www.europesays.com\/lv\/wp-json\/wp\/v2\/posts\/103582\/revisions"}],"wp:featuredmedia":[{"embeddable":true,"href":"https:\/\/www.europesays.com\/lv\/wp-json\/wp\/v2\/media\/64483"}],"wp:attachment":[{"href":"https:\/\/www.europesays.com\/lv\/wp-json\/wp\/v2\/media?parent=103582"}],"wp:term":[{"taxonomy":"category","embeddable":true,"href":"https:\/\/www.europesays.com\/lv\/wp-json\/wp\/v2\/categories?post=103582"},{"taxonomy":"post_tag","embeddable":true,"href":"https:\/\/www.europesays.com\/lv\/wp-json\/wp\/v2\/tags?post=103582"}],"curies":[{"name":"wp","href":"https:\/\/api.w.org\/{rel}","templated":true}]}}