{"id":103590,"date":"2026-01-13T21:26:20","date_gmt":"2026-01-13T21:26:20","guid":{"rendered":"https:\/\/www.europesays.com\/lv\/103590\/"},"modified":"2026-01-13T21:26:20","modified_gmt":"2026-01-13T21:26:20","slug":"latvijas-biatlonistes-oberhofa-stafete-ierindojas-15-vieta-lente-lv","status":"publish","type":"post","link":"https:\/\/www.europesays.com\/lv\/103590\/","title":{"rendered":"Latvijas biatlonistes Oberhof\u0101 stafet\u0113 ierindojas 15. viet\u0101\u00a0\u2014\u00a0Lente.lv"},"content":{"rendered":"<p>Pasaules kausa posms V\u0101cij\u0101<\/p>\n<p>Oberhof\u0101, V\u0101cij\u0101, norisin\u0101j\u0101s Pasaules kausa biatlona ceturtais posms, kur\u0101 sievie\u0161u 4&#215;6 kilometru stafetes sacens\u012bb\u0101s Latvijas komanda, start\u0113jot Esterei Volfai, Baibai Bendikai, Annijai Keitai Sabulei un Elzai Bleidelei, ie\u0146\u0113ma 15. vietu. Kopum\u0101 tika izmantotas 16 rezerves patronas un veikti tr\u012bs soda ap\u013ci, kas b\u016btiski ietekm\u0113ja rezult\u0101tu.<\/p>\n<p>Individu\u0101lais sniegums stafet\u0113<\/p>\n<p>Sacens\u012bbas Latvijai ies\u0101ka Estere Volfa, kura gan gu\u013cus, gan st\u0101vus \u0161au\u0161an\u0101 izmantoja \u010detras rezerves patronas, ta\u010du sp\u0113ja nodot stafeti augstaj\u0101 piektaj\u0101 viet\u0101. Baibai Bendikai gu\u013cus \u0161au\u0161an\u0101 bija nepiecie\u0161amas divas rezerves patronas, ta\u010du st\u0101vus \u0161au\u0161ana izr\u0101d\u012bj\u0101s neveiksm\u012bga, veicot tr\u012bs soda ap\u013cus un stafeti nododot 13. viet\u0101. Annija Sabule izmantoja vienu rezerves patronu st\u0101vus, bet zaud\u0113ja \u0101trumu tras\u0113, atk\u0101pjoties uz 14. poz\u012bciju. Nosl\u0113dzo\u0161aj\u0101 posm\u0101 Elza Bleidele gu\u013cus un st\u0101vus \u0161au\u0161an\u0101 izmantoja visas tr\u012bs rezerves patronas, izvairoties no soda ap\u013ca.<\/p>\n<p>Visp\u0101r\u0113j\u0101 rezult\u0101tu aina<\/p>\n<p>Par stafetes uzvar\u0113t\u0101j\u0101m k\u013cuva Francijas komanda, kas vad\u012bbu notur\u0113ja visas sacens\u012bbas garum\u0101. Sudraba meda\u013cas izc\u012bn\u012bja Norv\u0113\u0123ija, bet bronzu ieguva V\u0101cijas biatlonistes. Kopum\u0101 stafet\u0113 start\u0113ja 19 komandas, un Latvijas kvartets fini\u0161\u0113ja pusmin\u016bti aiz Ukrainas un divas min\u016btes priek\u0161\u0101 Igaunijai.<\/p>\n<p>Iepriek\u0161\u0113jie rezult\u0101ti un sezona<\/p>\n<p>\u0160is Pasaules kausa posms Oberhof\u0101 notika no 2026. gada 8. l\u012bdz 11. janv\u0101rim un ietv\u0113ra gan sprintu, gan iedz\u012b\u0161anas sacens\u012bbas, gan stafetes. Iepriek\u0161\u0113j\u0101s sezon\u0101s Latvijas biatlonistes, tostarp Baiba Bendika, ir demonstr\u0113ju\u0161as sp\u0113ju konkur\u0113t augst\u0101 l\u012bmen\u012b, tom\u0113r \u0161oreiz stafet\u0113 lab\u0101ko desmitnieku izdev\u0101s iek\u013c\u016bt.<\/p>\n","protected":false},"excerpt":{"rendered":"Pasaules kausa posms V\u0101cij\u0101 Oberhof\u0101, V\u0101cij\u0101, norisin\u0101j\u0101s Pasaules kausa biatlona ceturtais posms, kur\u0101 sievie\u0161u 4&#215;6 kilometru stafetes sacens\u012bb\u0101s&hellip;\n","protected":false},"author":2,"featured_media":103591,"comment_status":"","ping_status":"","sticky":false,"template":"","format":"standard","meta":{"footnotes":""},"categories":[17],"tags":[1499,35,39,38,36,37,34,25013,40,24304,2560,67,16690],"class_list":{"0":"post-103590","1":"post","2":"type-post","3":"status-publish","4":"format-standard","5":"has-post-thumbnail","7":"category-sports","8":"tag-biatlons","9":"tag-latvia","10":"tag-latvian","11":"tag-latviesu","12":"tag-latviesu-valoda","13":"tag-latviesuvaloda","14":"tag-latvija","15":"tag-latvijas-biatlonistes","16":"tag-lv","17":"tag-oberhofa","18":"tag-pasaules-kauss","19":"tag-sports","20":"tag-stafete"},"share_on_mastodon":{"url":"https:\/\/pubeurope.com\/@lv\/115889909416568959","error":""},"_links":{"self":[{"href":"https:\/\/www.europesays.com\/lv\/wp-json\/wp\/v2\/posts\/103590","targetHints":{"allow":["GET"]}}],"collection":[{"href":"https:\/\/www.europesays.com\/lv\/wp-json\/wp\/v2\/posts"}],"about":[{"href":"https:\/\/www.europesays.com\/lv\/wp-json\/wp\/v2\/types\/post"}],"author":[{"embeddable":true,"href":"https:\/\/www.europesays.com\/lv\/wp-json\/wp\/v2\/users\/2"}],"replies":[{"embeddable":true,"href":"https:\/\/www.europesays.com\/lv\/wp-json\/wp\/v2\/comments?post=103590"}],"version-history":[{"count":0,"href":"https:\/\/www.europesays.com\/lv\/wp-json\/wp\/v2\/posts\/103590\/revisions"}],"wp:featuredmedia":[{"embeddable":true,"href":"https:\/\/www.europesays.com\/lv\/wp-json\/wp\/v2\/media\/103591"}],"wp:attachment":[{"href":"https:\/\/www.europesays.com\/lv\/wp-json\/wp\/v2\/media?parent=103590"}],"wp:term":[{"taxonomy":"category","embeddable":true,"href":"https:\/\/www.europesays.com\/lv\/wp-json\/wp\/v2\/categories?post=103590"},{"taxonomy":"post_tag","embeddable":true,"href":"https:\/\/www.europesays.com\/lv\/wp-json\/wp\/v2\/tags?post=103590"}],"curies":[{"name":"wp","href":"https:\/\/api.w.org\/{rel}","templated":true}]}}