{"id":103592,"date":"2026-01-13T21:29:08","date_gmt":"2026-01-13T21:29:08","guid":{"rendered":"https:\/\/www.europesays.com\/lv\/103592\/"},"modified":"2026-01-13T21:29:08","modified_gmt":"2026-01-13T21:29:08","slug":"latvija-nodos-ukrainai-bez-atlidzibas-21-transportlidzekli","status":"publish","type":"post","link":"https:\/\/www.europesays.com\/lv\/103592\/","title":{"rendered":"Latvija nodos Ukrainai bez atl\u012bdz\u012bbas 21 transportl\u012bdzekli"},"content":{"rendered":"<p>Otrdien, 13. janv\u0101r\u012b, Ministru kabinets (MK) izdeva r\u012bkojumu, kas paredz bez atl\u012bdz\u012bbas nodot valstij piekrit\u012bgos (konfisc\u0113tos) transportl\u012bdzek\u013cus\u00a0Ukrainas vajadz\u012bb\u0101m.<\/p>\n<p>\u00a0\u00a0\u00a0\u00a0\u00a0\u00a0\u00a0\u00a0\u00a0\u00a0\u00a0 Lai veicin\u0101tu Ukrainas sabiedr\u012bbas atbalstu un stiprin\u0101tu sadarb\u012bbu ar Ukrainas instit\u016bcij\u0101m \u0101rk\u0101rtas apst\u0101k\u013cos, ko rad\u012bjis Krievijas izrais\u012btais kar\u0161, Nodro\u0161in\u0101juma valsts a\u0123ent\u016bra Ukrainai bez atl\u012bdz\u012bbas nodos 21 automa\u0161\u012bnu par kop\u0113jo tirgus v\u0113rt\u012bbu 74 600 eiro.<\/p>\n<p>\u00a0\u00a0\u00a0\u00a0\u00a0\u00a0\u00a0\u00a0\u00a0\u00a0\u00a0 Transportl\u012bdzek\u013ci galvenok\u0101rt paredz\u0113ti Ukrainas Aizsardz\u012bbas ministrijas armijas da\u013c\u0101m un Ukrainas Nacion\u0101lajai gvardei.<\/p>\n<p>\u00a0 \u00a0 \u00a0 \u00a0 \u00a0 \u00a0 \u00a0Transportl\u012bdzek\u013cu pieg\u0101di nodro\u0161in\u0101s biedr\u012bba \u201cAgendum\u201d, fonds \u201cEntrepreneurs for Peace\u201d un biedr\u012bba \u201cTavi draugi\u201d, kas sedz visus ar nog\u0101d\u0101\u0161anu saist\u012btos izdevumus un nodro\u0161in\u0101s to nodo\u0161anu Ukrainas vald\u012bbas instit\u016bcij\u0101m. <\/p>\n<p>\u00a0 \u00a0 \u00a0 \u00a0 \u00a0 \u00a0 \u00a0Latvijas vald\u012bba ir ap\u0146\u0113musies turpin\u0101t sniegt nepiecie\u0161amo atbalstu Ukrainai, un transportl\u012bdzek\u013cu nodo\u0161ana ir tikai viens no daudzajiem veidiem, pal\u012bdzot Ukrainas sabiedr\u012bbai \u0161aj\u0101 gr\u016btaj\u0101 laik\u0101.<\/p>\n<p>\u00a0<\/p>\n","protected":false},"excerpt":{"rendered":"Otrdien, 13. janv\u0101r\u012b, Ministru kabinets (MK) izdeva r\u012bkojumu, kas paredz bez atl\u012bdz\u012bbas nodot valstij piekrit\u012bgos (konfisc\u0113tos) transportl\u012bdzek\u013cus\u00a0Ukrainas vajadz\u012bb\u0101m.&hellip;\n","protected":false},"author":2,"featured_media":103593,"comment_status":"","ping_status":"","sticky":false,"template":"","format":"standard","meta":{"footnotes":""},"categories":[12],"tags":[23,28,29,32,33,22,30,31,35,39,38,36,37,34,40,20,26,27,24,25,21],"class_list":{"0":"post-103592","1":"post","2":"type-post","3":"status-publish","4":"format-standard","5":"has-post-thumbnail","7":"category-latvija","8":"tag-aktualitates","9":"tag-breaking-news","10":"tag-breakingnews","11":"tag-featured-news","12":"tag-featurednews","13":"tag-headlines","14":"tag-latest-news","15":"tag-latestnews","16":"tag-latvia","17":"tag-latvian","18":"tag-latviesu","19":"tag-latviesu-valoda","20":"tag-latviesuvaloda","21":"tag-latvija","22":"tag-lv","23":"tag-news","24":"tag-popularakas-zinas","25":"tag-popularakaszinas","26":"tag-top-stories","27":"tag-topstories","28":"tag-zinas"},"share_on_mastodon":{"url":"https:\/\/pubeurope.com\/@lv\/115889921310238593","error":""},"_links":{"self":[{"href":"https:\/\/www.europesays.com\/lv\/wp-json\/wp\/v2\/posts\/103592","targetHints":{"allow":["GET"]}}],"collection":[{"href":"https:\/\/www.europesays.com\/lv\/wp-json\/wp\/v2\/posts"}],"about":[{"href":"https:\/\/www.europesays.com\/lv\/wp-json\/wp\/v2\/types\/post"}],"author":[{"embeddable":true,"href":"https:\/\/www.europesays.com\/lv\/wp-json\/wp\/v2\/users\/2"}],"replies":[{"embeddable":true,"href":"https:\/\/www.europesays.com\/lv\/wp-json\/wp\/v2\/comments?post=103592"}],"version-history":[{"count":0,"href":"https:\/\/www.europesays.com\/lv\/wp-json\/wp\/v2\/posts\/103592\/revisions"}],"wp:featuredmedia":[{"embeddable":true,"href":"https:\/\/www.europesays.com\/lv\/wp-json\/wp\/v2\/media\/103593"}],"wp:attachment":[{"href":"https:\/\/www.europesays.com\/lv\/wp-json\/wp\/v2\/media?parent=103592"}],"wp:term":[{"taxonomy":"category","embeddable":true,"href":"https:\/\/www.europesays.com\/lv\/wp-json\/wp\/v2\/categories?post=103592"},{"taxonomy":"post_tag","embeddable":true,"href":"https:\/\/www.europesays.com\/lv\/wp-json\/wp\/v2\/tags?post=103592"}],"curies":[{"name":"wp","href":"https:\/\/api.w.org\/{rel}","templated":true}]}}