{"id":103596,"date":"2026-01-13T21:35:09","date_gmt":"2026-01-13T21:35:09","guid":{"rendered":"https:\/\/www.europesays.com\/lv\/103596\/"},"modified":"2026-01-13T21:35:09","modified_gmt":"2026-01-13T21:35:09","slug":"arta-skuja-un-talis-eipurs-atlaisti-no-360tv","status":"publish","type":"post","link":"https:\/\/www.europesays.com\/lv\/103596\/","title":{"rendered":"Arta Skuja un T\u0101lis Eipurs atlaisti no 360TV"},"content":{"rendered":"<p class=\"lead\">\n                                Pieredz\u0113ju\u0161ie telev\u012bzijas zi\u0146u moderatori Arta Skuja un T\u0101lis Eipurs aizvad\u012bt\u0101 gada nogal\u0113 uzzin\u0101ju\u0161i, ka no jaun\u0101 gada darba attiec\u012bbas ar kan\u0101lu 360TV netiks turpin\u0101tas. Abiem \u0161\u0101ds l\u0113mums bijis negaid\u012bts, v\u0113sta \u017eurn\u0101ls &#8220;Priv\u0101t\u0101 Dz\u012bve&#8221;.\n                            <\/p>\n<p>Arta Skuja, kura kan\u0101l\u0101 str\u0101d\u0101ja kop\u0161 2023. gada augusta, nor\u0101da, ka skaidru atlai\u0161anas iemeslu nav sa\u0146\u0113musi. &#8220;Kan\u0101l\u0101 notiek p\u0101rmai\u0146as. Ac\u012bmredzot gaid\u0101mas izmai\u0146as kop\u0113j\u0101 koncepcij\u0101,&#8221; vi\u0146a koment\u0113. Paral\u0113li darbam telev\u012bzij\u0101 Skuja str\u0101d\u0101ja ar\u012b Latvijas Radio, ta\u010du no jaun\u0101 gada telev\u012bzijas ekr\u0101nos vairs nepar\u0101d\u0101s \u2013 t\u0101ds bijis kan\u0101la vad\u012bbas l\u0113mums.<\/p>\n<p>Kop\u0101 ar Skuju no 360TV Zi\u0146\u0101m aiziet ar\u012b \u017eurn\u0101lists T\u0101lis Eipurs, kur\u0161 komandai pievienoj\u0101s 2024. gada ruden\u012b. Vi\u0146\u0161 atz\u012bst, ka<\/p>\n<blockquote>\n<p>atlai\u0161ana bijusi emocion\u0101li sare\u017e\u0123\u012bta un notikusi pirmo reizi vi\u0146a karjer\u0101.<\/p>\n<\/blockquote>\n<p>Eipurs uzsver, ka p\u0101rmai\u0146as sk\u0101ru\u0161as ne tikai \u0113tera sejas, bet ar\u012b vair\u0101kus aizkadra darbiniekus.<\/p>\n<p>Pirms tam Eipurs pie\u0146\u0113ma l\u0113mumu pamest raid\u012bjumu &#8220;900 sekundes&#8221; un p\u0101riet uz 360TV, apzinoties zin\u0101mus riskus. Tagad vi\u0146\u0161 atz\u012bst, ka, skatoties no \u0161odienas perspekt\u012bvas, \u0161\u0101du soli, iesp\u0113jams, vairs nespertu.<\/p>\n<blockquote>\n<p>&#8220;Ar \u0161\u012bs dienas ac\u012bm \u0161\u0101du l\u0113mumu neb\u016btu pie\u0146\u0113mis,&#8221;<\/p>\n<\/blockquote>\n<p>saka Eipurs, piebilstot, ka TV3 kolekt\u012bv\u0101 juties sav\u0113jais.<\/p>\n<p>Vi\u0146\u0161 pie\u013cauj, ka darbinieku skaita samazin\u0101\u0161ana var\u0113tu b\u016bt saist\u012bta ar ekonomisko situ\u0101ciju mediju nozar\u0113 kopum\u0101, kur viet\u0113jie mediji izj\u016bt gan finan\u0161u spiedienu, gan konkurenci ar glob\u0101laj\u0101m platform\u0101m. Vienlaikus Eipurs turpina darbu radio, kuru sauc par savu profesion\u0101lo pamatu, ta\u010du uzsver, ka ir atv\u0113rts jauniem pied\u0101v\u0101jumiem ar\u012b telev\u012bzij\u0101.<\/p>\n<p>Tikm\u0113r 360TV zi\u0146u dienesta vad\u012bt\u0101js Uldis \u0100boli\u0146\u0161 skaidro, ka kan\u0101l\u0101 ieviests jauns zi\u0146u form\u0101ts. Taj\u0101 samazin\u0101ta klasisk\u0101 moderatora loma, liel\u0101ku uzsvaru liekot uz \u017eurn\u0101listu kl\u0101tb\u016btni \u0113ter\u0101. Turpm\u0101k \u017eurn\u0101listi vienlaikus b\u016bs ar\u012b raid\u012bjumu vad\u012bt\u0101ji, daloties pieredz\u0113 no notikumu epicentra. Janv\u0101r\u012b studij\u0101 jau redzama \u017eurn\u0101liste Madara Rudz\u012bte, kura iepriek\u0161 veidoja zi\u0146u si\u017eetus.<\/p>\n<p class=\"paragraph-muted\">Vair\u0101k lasiet \u017eurn\u0101l\u0101 &#8220;Priv\u0101t\u0101 Dz\u012bve&#8221;.<\/p>\n<p> Aptauja <\/p>\n<p> Par kuru t\u0113mu LASI.LV v\u0113l\u0113tos uzzin\u0101t un las\u012bt v\u0113l vair\u0101k? <\/p>\n<p class=\"paragraph-muted\">Izv\u0113lies savu soct\u012bklu platformu, lai sekotu LASI.LV: <a href=\"https:\/\/www.facebook.com\/portals.lasi.lv\" target=\"_blank\" rel=\"noopener noreferrer nofollow\">Facebook<\/a>, <a href=\"https:\/\/twitter.com\/lasilvportals\" target=\"_blank\" rel=\"noopener noreferrer nofollow\">X<\/a>, <a href=\"https:\/\/bsky.app\/profile\/lasilv.bsky.social\" target=\"_blank\" rel=\"noopener noreferrer nofollow\">Bluesky<\/a>, <a href=\"https:\/\/www.draugiem.lv\/lasilv\/?pg=4\" target=\"_blank\" rel=\"noopener noreferrer nofollow\">Draugiem<\/a>, <a href=\"https:\/\/www.threads.com\/@lasilv_zinas\" rel=\"nofollow noopener\" target=\"_blank\">Threads<\/a> vai ar\u012b <a href=\"https:\/\/www.instagram.com\/lasilv_zinas\/\" target=\"_blank\" rel=\"noopener noreferrer nofollow\">Instagram<\/a>. Pievienojies m\u016bsu las\u012bt\u0101ju pulkam, lai sa\u0146emtu \u012bpa\u0161i tev atlas\u012btu noder\u012bgu, praktisku un aktu\u0101lu saturu.\u00a0<\/p>\n<p style=\"margin-left:auto;\">Pieraksties LASI.LV redaktora v\u0113stkopai <a href=\"https:\/\/lasi.lv\/vestkopa\/lasi-lv-galvena-redaktora-vestkopa\" rel=\"nofollow noopener\" target=\"_blank\">\u0161eit<\/a>.<\/p>\n<p>Pieraksties v\u0113stkopai un divas reizes ned\u0113\u013c\u0101 sa\u0146em padzi\u013cin\u0101tu LASI.LV galven\u0101 redaktora aktu\u0101lo zi\u0146u, kompetentu viedok\u013cu un interesant\u0101ko interviju apkopojumu.<\/p>\n<p>Ko tu sa\u0146emsi:<\/p>\n<ul>\n<li>Daudzveid\u012bgus koment\u0101rus un kompetentus Latvijas Mediju \u017eurn\u0101listu un autoru viedok\u013cus par aktu\u0101lo<\/li>\n<li>Ekspertu koment\u0101rus par da\u017e\u0101diem praktiskiem, noder\u012bgiem tematiem<\/li>\n<li>Aizraujo\u0161us materi\u0101lus par v\u0113sturi, psiholo\u0123iju, kult\u016bru<\/li>\n<li>Gata \u0160\u013c\u016bkas karikat\u016bru<\/li>\n<li>Tav\u0101 e-pasta kast\u012bt\u0113 katru ceturtdienu<\/li>\n<\/ul>\n<p style=\"margin-left:auto;\">\u00a0<\/p>\n<p><script async src=\"https:\/\/platform.twitter.com\/widgets.js\" charset=\"utf-8\"><\/script><script async src=\"\/\/www.instagram.com\/embed.js\"><\/script><\/p>\n","protected":false},"excerpt":{"rendered":"Pieredz\u0113ju\u0161ie telev\u012bzijas zi\u0146u moderatori Arta Skuja un T\u0101lis Eipurs aizvad\u012bt\u0101 gada nogal\u0113 uzzin\u0101ju\u0161i, ka no jaun\u0101 gada darba&hellip;\n","protected":false},"author":2,"featured_media":103597,"comment_status":"","ping_status":"","sticky":false,"template":"","format":"standard","meta":{"footnotes":""},"categories":[12],"tags":[23,28,29,32,33,22,30,31,35,39,38,36,37,34,40,20,26,27,24,25,21],"class_list":{"0":"post-103596","1":"post","2":"type-post","3":"status-publish","4":"format-standard","5":"has-post-thumbnail","7":"category-latvija","8":"tag-aktualitates","9":"tag-breaking-news","10":"tag-breakingnews","11":"tag-featured-news","12":"tag-featurednews","13":"tag-headlines","14":"tag-latest-news","15":"tag-latestnews","16":"tag-latvia","17":"tag-latvian","18":"tag-latviesu","19":"tag-latviesu-valoda","20":"tag-latviesuvaloda","21":"tag-latvija","22":"tag-lv","23":"tag-news","24":"tag-popularakas-zinas","25":"tag-popularakaszinas","26":"tag-top-stories","27":"tag-topstories","28":"tag-zinas"},"share_on_mastodon":{"url":"https:\/\/pubeurope.com\/@lv\/115889944958179711","error":""},"_links":{"self":[{"href":"https:\/\/www.europesays.com\/lv\/wp-json\/wp\/v2\/posts\/103596","targetHints":{"allow":["GET"]}}],"collection":[{"href":"https:\/\/www.europesays.com\/lv\/wp-json\/wp\/v2\/posts"}],"about":[{"href":"https:\/\/www.europesays.com\/lv\/wp-json\/wp\/v2\/types\/post"}],"author":[{"embeddable":true,"href":"https:\/\/www.europesays.com\/lv\/wp-json\/wp\/v2\/users\/2"}],"replies":[{"embeddable":true,"href":"https:\/\/www.europesays.com\/lv\/wp-json\/wp\/v2\/comments?post=103596"}],"version-history":[{"count":0,"href":"https:\/\/www.europesays.com\/lv\/wp-json\/wp\/v2\/posts\/103596\/revisions"}],"wp:featuredmedia":[{"embeddable":true,"href":"https:\/\/www.europesays.com\/lv\/wp-json\/wp\/v2\/media\/103597"}],"wp:attachment":[{"href":"https:\/\/www.europesays.com\/lv\/wp-json\/wp\/v2\/media?parent=103596"}],"wp:term":[{"taxonomy":"category","embeddable":true,"href":"https:\/\/www.europesays.com\/lv\/wp-json\/wp\/v2\/categories?post=103596"},{"taxonomy":"post_tag","embeddable":true,"href":"https:\/\/www.europesays.com\/lv\/wp-json\/wp\/v2\/tags?post=103596"}],"curies":[{"name":"wp","href":"https:\/\/api.w.org\/{rel}","templated":true}]}}