{"id":103618,"date":"2026-01-13T22:05:09","date_gmt":"2026-01-13T22:05:09","guid":{"rendered":"https:\/\/www.europesays.com\/lv\/103618\/"},"modified":"2026-01-13T22:05:09","modified_gmt":"2026-01-13T22:05:09","slug":"valdiba-atbalsta-sia-daugavpils-regionala-slimnica-padomes-likvidesanu-2","status":"publish","type":"post","link":"https:\/\/www.europesays.com\/lv\/103618\/","title":{"rendered":"Vald\u012bba atbalsta SIA \u201cDaugavpils re\u0123ion\u0101l\u0101 slimn\u012bca\u201d padomes likvid\u0113\u0161anu"},"content":{"rendered":"<p>Vald\u012bba otrdien, 13. janv\u0101r\u012b, izskat\u012bja informat\u012bvo zi\u0146ojumu \u201cPar sabiedr\u012bbas ar ierobe\u017eotu atbild\u012bbu \u201cDaugavpils re\u0123ion\u0101l\u0101 slimn\u012bca\u201d padomi\u201d un atbalst\u012bja SIA \u201cDaugavpils re\u0123ion\u0101l\u0101 slimn\u012bca\u201d padomes likvid\u0113\u0161anu. Pl\u0101nots, ka padomes likvid\u0113\u0161ana tiks \u012bstenota l\u012bdz 2026. gada 30. j\u016bnijam.<\/p>\n<p>Izv\u0113rt\u0113jot slimn\u012bcas darb\u012bbas specifiku, nekomerci\u0101lo raksturu un kapit\u0101la da\u013cu tur\u0113t\u0101ju strukt\u016bru, Vesel\u012bbas ministrija secin\u0101ja, ka padomes funkcijas var tikt nodro\u0161in\u0101tas efekt\u012bvi ar\u012b bez padomes past\u0101v\u0113\u0161anas. Slimn\u012bcas kapit\u0101la da\u013cu tur\u0113t\u0101ji ir Vesel\u012bbas ministrija, R\u012bgas Stradi\u0146a universit\u0101te, Daugavpils valstspils\u0113tas pa\u0161vald\u012bba un Aug\u0161daugavas novada pa\u0161vald\u012bba. Kole\u0123i\u0101la p\u0101rraudz\u012bba visu \u010detru kapit\u0101la da\u013cu tur\u0113t\u0101ju l\u012bmen\u012b nodro\u0161in\u0101s nepiecie\u0161amo kompeten\u010du, pieredzes un institucion\u0101l\u0101s kapacit\u0101tes kopumu.<\/p>\n<p>Padomes likvid\u0113\u0161ana atbr\u012bvos ar\u012b finan\u0161u l\u012bdzek\u013cus, kas \u013caus stiprin\u0101t Daugavpils re\u0123ion\u0101l\u0101s slimn\u012bcas ikdienas vad\u012bbas kapacit\u0101ti, palielinot valdes locek\u013cu skaitu l\u012bdz trim. At\u0161\u0137ir\u012bb\u0101 no padomes, kuras funkcijas tiek \u012bstenotas strat\u0113\u0123isk\u0101s p\u0101rraudz\u012bbas ietvaros, valde nodro\u0161ina nep\u0101rtrauktu atbild\u012bbu par slimn\u012bcas operacion\u0101lo darb\u012bbu. Tr\u012bs valdes locek\u013cu sast\u0101vs nodro\u0161in\u0101s sabalans\u0113tu l\u0113mumu pie\u0146em\u0161anu un efekt\u012bv\u0101ku risku, finan\u0161u un kvalit\u0101tes vad\u012bbu, \u0146emot v\u0113r\u0101 slimn\u012bcas apjomu, sare\u017e\u0123\u012bto darb\u012bbas profilu un iev\u0113rojamo darbinieku skaitu.<\/p>\n<p>Daugavpils re\u0123ion\u0101l\u0101 slimn\u012bca ir liel\u0101kais vesel\u012bbas apr\u016bpes pakalpojumu sniedz\u0113js \u0101rpus R\u012bgas \u2013 t\u0101 ir IV l\u012bme\u0146a \u0101rstniec\u012bbas iest\u0101de, kas sniedz neatliekamo diennakts un ambulatoro medic\u012bnisko pal\u012bdz\u012bbu galvenok\u0101rt Latgales re\u0123iona iedz\u012bvot\u0101jiem. Vesel\u012bbas apr\u016bpe tiek nodro\u0161in\u0101ta gan sekund\u0101raj\u0101 ambulatoraj\u0101 un stacion\u0101raj\u0101 l\u012bmen\u012b, gan ar\u012b terci\u0101raj\u0101 vesel\u012bbas apr\u016bpes l\u012bmen\u012b.<\/p>\n<p>Jau iepriek\u0161 zi\u0146ots, ka, atsaucoties pa\u0161vald\u012bbu l\u016bgumam un nepiecie\u0161am\u012bbai nodro\u0161in\u0101t vesel\u012bbas apr\u016bpes pakalpojumu nep\u0101rtraukt\u012bbu un pieejam\u012bbu Latgales re\u0123iona iedz\u012bvot\u0101jiem, 2024. gada nogal\u0113 valsts k\u013cuva par 80,5% slimn\u012bcas kapit\u0101lda\u013cu tur\u0113t\u0101ju un ieguld\u012bja 4,6 miljonus eiro slimn\u012bcas finan\u0161u situ\u0101cijas stabiliz\u0113\u0161anai.<\/p>\n<p>          <img decoding=\"async\" src=\"https:\/\/www.europesays.com\/lv\/wp-content\/uploads\/2026\/01\/1767645852_487_logo-lv.png\" alt=\"\"\/><\/p>\n<p>                  \u0160\u012b inform\u0101cija ir publisks pazi\u0146ojums un neatspogu\u013co LV port\u0101la viedokli. Par t\u0101s saturu atbild ies\u016bt\u012bt\u0101js. <a data-popup=\"rules\">Public\u0113\u0161anas noteikumi<\/a><\/p>\n","protected":false},"excerpt":{"rendered":"Vald\u012bba otrdien, 13. janv\u0101r\u012b, izskat\u012bja informat\u012bvo zi\u0146ojumu \u201cPar sabiedr\u012bbas ar ierobe\u017eotu atbild\u012bbu \u201cDaugavpils re\u0123ion\u0101l\u0101 slimn\u012bca\u201d padomi\u201d un atbalst\u012bja&hellip;\n","protected":false},"author":2,"featured_media":103619,"comment_status":"","ping_status":"","sticky":false,"template":"","format":"standard","meta":{"footnotes":""},"categories":[12],"tags":[23,28,29,32,33,22,30,31,35,39,38,36,37,34,40,20,26,27,24,25,21],"class_list":{"0":"post-103618","1":"post","2":"type-post","3":"status-publish","4":"format-standard","5":"has-post-thumbnail","7":"category-latvija","8":"tag-aktualitates","9":"tag-breaking-news","10":"tag-breakingnews","11":"tag-featured-news","12":"tag-featurednews","13":"tag-headlines","14":"tag-latest-news","15":"tag-latestnews","16":"tag-latvia","17":"tag-latvian","18":"tag-latviesu","19":"tag-latviesu-valoda","20":"tag-latviesuvaloda","21":"tag-latvija","22":"tag-lv","23":"tag-news","24":"tag-popularakas-zinas","25":"tag-popularakaszinas","26":"tag-top-stories","27":"tag-topstories","28":"tag-zinas"},"share_on_mastodon":{"url":"https:\/\/pubeurope.com\/@lv\/115890062824189615","error":""},"_links":{"self":[{"href":"https:\/\/www.europesays.com\/lv\/wp-json\/wp\/v2\/posts\/103618","targetHints":{"allow":["GET"]}}],"collection":[{"href":"https:\/\/www.europesays.com\/lv\/wp-json\/wp\/v2\/posts"}],"about":[{"href":"https:\/\/www.europesays.com\/lv\/wp-json\/wp\/v2\/types\/post"}],"author":[{"embeddable":true,"href":"https:\/\/www.europesays.com\/lv\/wp-json\/wp\/v2\/users\/2"}],"replies":[{"embeddable":true,"href":"https:\/\/www.europesays.com\/lv\/wp-json\/wp\/v2\/comments?post=103618"}],"version-history":[{"count":0,"href":"https:\/\/www.europesays.com\/lv\/wp-json\/wp\/v2\/posts\/103618\/revisions"}],"wp:featuredmedia":[{"embeddable":true,"href":"https:\/\/www.europesays.com\/lv\/wp-json\/wp\/v2\/media\/103619"}],"wp:attachment":[{"href":"https:\/\/www.europesays.com\/lv\/wp-json\/wp\/v2\/media?parent=103618"}],"wp:term":[{"taxonomy":"category","embeddable":true,"href":"https:\/\/www.europesays.com\/lv\/wp-json\/wp\/v2\/categories?post=103618"},{"taxonomy":"post_tag","embeddable":true,"href":"https:\/\/www.europesays.com\/lv\/wp-json\/wp\/v2\/tags?post=103618"}],"curies":[{"name":"wp","href":"https:\/\/api.w.org\/{rel}","templated":true}]}}