{"id":103620,"date":"2026-01-13T22:08:07","date_gmt":"2026-01-13T22:08:07","guid":{"rendered":"https:\/\/www.europesays.com\/lv\/103620\/"},"modified":"2026-01-13T22:08:07","modified_gmt":"2026-01-13T22:08:07","slug":"prieksroku-dos-jaunajiem-austrijas-klubs-skiras-no-pieredzejusa-latvijas-aizsarga","status":"publish","type":"post","link":"https:\/\/www.europesays.com\/lv\/103620\/","title":{"rendered":"Priek\u0161roku dos jaunajiem &#8211; Austrijas klubs \u0161\u0137iras no pieredz\u0113ju\u0161\u0101 Latvijas aizsarga"},"content":{"rendered":"<p>                                <img decoding=\"async\" src=\"https:\/\/www.europesays.com\/lv\/wp-content\/uploads\/2026\/01\/arturs-kulda-sportazinas-com-750x450.jpeg\"   alt=\"Art\u016brs Kulda\" class=\"post-featured-image\"\/><\/p>\n<p>Art\u016brs Kulda | Foto: GEPA<\/p>\n<p>Austrijas atkl\u0101t\u0101 hokeja \u010dempion\u0101ta (\u201cIceHL\u201d) klubs \u201cVillacher\u201d p\u0113c abpus\u0113jas vieno\u0161an\u0101s <a href=\"https:\/\/www.ecvsv.at\/ec-idm-waermepumpen-vsv-und-arturs-kulda-loesen-vertrag-einvernehmlich-auf-julian-raspotnig-verlaengert-seinen-vertrag-um-zwei-jahre\/\" target=\"_blank\" rel=\"noreferrer noopener nofollow\">p\u0101rtraucis sadarb\u012bbu <\/a>ar Latvijas aizsargu <a href=\"https:\/\/www.sportazinas.com\/atsl%C4%93gv%C4%81rdi\/arturs-kulda\/\" rel=\"nofollow noopener\" target=\"_blank\">Art\u016bru Kuldu<\/a>.<\/p>\n<p>37 gadus vecais Kulda oktobr\u012b atgriez\u0101s \u201cVillacher\u201d \u2013 klub\u0101, kuru vi\u0146\u0161 jau p\u0101rst\u0101v\u0113ja no 2022. l\u012bdz 2024. gadam. Pieredz\u0113ju\u0161ais aizsargs 22 sp\u0113l\u0113s izc\u0113l\u0101s ar septi\u0146iem (1+6) rezultativit\u0101tes punktiem, 14 soda min\u016bt\u0113m un lietder\u012bbas koeficientu +6.<\/p>\n<p>\u201cArt\u016brs mums pievienoj\u0101s oktobra beig\u0101s, kad c\u012bn\u012bj\u0101mies ar savainojumu kr\u012bzi. Vi\u0146\u0161 taj\u0101 period\u0101 mums \u013coti pal\u012bdz\u0113ja. Par laimi, situ\u0101cija sast\u0101v\u0101 ir uzlabojusies,\u201d l\u0113mumu p\u0101rtraukt sadarb\u012bbu ar Kuldu skaidroja \u201cVillacher\u201d \u0123ener\u0101lmened\u017eeris Martins Vrinklers, kur\u0161 t\u0101pat nor\u0101d\u012bja, ka kluba pl\u0101ns sezonas turpin\u0101jum\u0101 ir vair\u0101k iesp\u0113l\u0113t jaunos aizsargus.<\/p>\n<p>Kulda pag\u0101ju\u0161aj\u0101 sezon\u0101 sp\u0113l\u0113ja Slov\u0101kijas ekstral\u012bg\u0101. Iepriek\u0161 karjer\u0101 vi\u0146\u0161 p\u0101rst\u0101v\u0113jis da\u017e\u0101dus klubus V\u0101cij\u0101, KHL un Zieme\u013camerik\u0101, tostarp no 2009. l\u012bdz 2012. gadam aizvadot 15 sp\u0113les Nacion\u0101laj\u0101 hokeja l\u012bg\u0101 (NHL).<\/p>\n<p>Latvijas izlases rind\u0101s Kulda piedal\u012bj\u0101s asto\u0146os pasaules \u010dempion\u0101tos un divos olimpisko sp\u0113\u013cu turn\u012bros. P\u0113c 2022. gada P\u010c vi\u0146\u0161 pazi\u0146oja par karjeras beig\u0101m valstsvien\u012bb\u0101.<\/p>\n<blockquote class=\"instagram-media\" data-instgrm-captioned=\"\" data-instgrm-permalink=\"https:\/\/www.instagram.com\/p\/DTc__eFkZeB\/?utm_source=ig_embed&amp;utm_campaign=loading\" data-instgrm-version=\"14\" style=\" background:#FFF; border:0; border-radius:3px; box-shadow:0 0 1px 0 rgba(0,0,0,0.5),0 1px 10px 0 rgba(0,0,0,0.15); margin: 1px; max-width:540px; min-width:326px; padding:0; width:99.375%; width:-webkit-calc(100% - 2px); width:calc(100% - 2px);\"\/>\n<p>                    <script async src=\"\/\/www.instagram.com\/embed.js\"><\/script><\/p>\n","protected":false},"excerpt":{"rendered":"Art\u016brs Kulda | Foto: GEPA Austrijas atkl\u0101t\u0101 hokeja \u010dempion\u0101ta (\u201cIceHL\u201d) klubs \u201cVillacher\u201d p\u0113c abpus\u0113jas vieno\u0161an\u0101s p\u0101rtraucis sadarb\u012bbu ar&hellip;\n","protected":false},"author":2,"featured_media":103621,"comment_status":"","ping_status":"","sticky":false,"template":"","format":"standard","meta":{"footnotes":""},"categories":[17],"tags":[35,39,38,36,37,34,40,67],"class_list":{"0":"post-103620","1":"post","2":"type-post","3":"status-publish","4":"format-standard","5":"has-post-thumbnail","7":"category-sports","8":"tag-latvia","9":"tag-latvian","10":"tag-latviesu","11":"tag-latviesu-valoda","12":"tag-latviesuvaloda","13":"tag-latvija","14":"tag-lv","15":"tag-sports"},"share_on_mastodon":{"url":"https:\/\/pubeurope.com\/@lv\/115890074631618483","error":""},"_links":{"self":[{"href":"https:\/\/www.europesays.com\/lv\/wp-json\/wp\/v2\/posts\/103620","targetHints":{"allow":["GET"]}}],"collection":[{"href":"https:\/\/www.europesays.com\/lv\/wp-json\/wp\/v2\/posts"}],"about":[{"href":"https:\/\/www.europesays.com\/lv\/wp-json\/wp\/v2\/types\/post"}],"author":[{"embeddable":true,"href":"https:\/\/www.europesays.com\/lv\/wp-json\/wp\/v2\/users\/2"}],"replies":[{"embeddable":true,"href":"https:\/\/www.europesays.com\/lv\/wp-json\/wp\/v2\/comments?post=103620"}],"version-history":[{"count":0,"href":"https:\/\/www.europesays.com\/lv\/wp-json\/wp\/v2\/posts\/103620\/revisions"}],"wp:featuredmedia":[{"embeddable":true,"href":"https:\/\/www.europesays.com\/lv\/wp-json\/wp\/v2\/media\/103621"}],"wp:attachment":[{"href":"https:\/\/www.europesays.com\/lv\/wp-json\/wp\/v2\/media?parent=103620"}],"wp:term":[{"taxonomy":"category","embeddable":true,"href":"https:\/\/www.europesays.com\/lv\/wp-json\/wp\/v2\/categories?post=103620"},{"taxonomy":"post_tag","embeddable":true,"href":"https:\/\/www.europesays.com\/lv\/wp-json\/wp\/v2\/tags?post=103620"}],"curies":[{"name":"wp","href":"https:\/\/api.w.org\/{rel}","templated":true}]}}