{"id":103626,"date":"2026-01-13T22:12:09","date_gmt":"2026-01-13T22:12:09","guid":{"rendered":"https:\/\/www.europesays.com\/lv\/103626\/"},"modified":"2026-01-13T22:12:09","modified_gmt":"2026-01-13T22:12:09","slug":"latvija-planots-izveidot-veselibas-centru-pandemiju-un-veselibas-krizu-agrinai-atklasanai","status":"publish","type":"post","link":"https:\/\/www.europesays.com\/lv\/103626\/","title":{"rendered":"Latvij\u0101 pl\u0101nots izveidot vesel\u012bbas centru pand\u0113miju un vesel\u012bbas kr\u012b\u017eu agr\u012bnai atkl\u0101\u0161anai"},"content":{"rendered":"<p>Otrdien, 13. janv\u0101r\u012b, Ministru kabinets atbalst\u012bja Izgl\u012bt\u012bbas un zin\u0101tnes ministrijas priek\u0161likumu iesniegt Eiropas Savien\u012bbas projekta konkurs\u0101 pieteikumu \u201cIzcil\u012bbas centrs integr\u0113t\u0101 vienotas vesel\u012bbas ekosist\u0113m\u0101\u201d (\u201cIntegroHEALTH\u201d). T\u0101 \u012bsteno\u0161anas rezult\u0101t\u0101 Latvij\u0101 pl\u0101nots izveidot pasaules l\u012bme\u0146a vesel\u012bbas p\u0113tniec\u012bbas centru, kas p\u0113t\u012bs cilv\u0113ku, dz\u012bvnieku un vides vesel\u012bbas savstarp\u0113jo saist\u012bbu un izstr\u0101d\u0101s risin\u0101jumus t\u0101diem izaicin\u0101jumiem k\u0101 antibiotiku rezistence, infekcijas slim\u012bbas un klimata izmai\u0146u ietekme uz vesel\u012bbu.<\/p>\n<p>\u201c\u0160\u0101da m\u0113roga projekta \u012bsteno\u0161ana paver Latvijai unik\u0101las iesp\u0113jas k\u013c\u016bt par starptautiski atz\u012btu p\u0113tniec\u012bbas centru sabiedr\u012bbas vesel\u012bbas jom\u0101,\u201d uzsver izgl\u012bt\u012bbas un zin\u0101tnes ministre Dace Melb\u0101rde. \u201cM\u0113s esam p\u0101rliecin\u0101ti par sagatavot\u0101 projekta sp\u0113ju g\u016bt Eiropas Savien\u012bbas atbalstu \u2013 paldies m\u016bsu zin\u0101tniekiem un ekspertiem par ieguld\u012bto darbu! Pasaules l\u012bme\u0146a vesel\u012bbas p\u0113tniec\u012bbas centra izveide Latvij\u0101 stiprin\u0101s m\u016bsu zin\u0101tnes kapacit\u0101ti, piesaist\u012bs lab\u0101kos p\u0113tniekus no visas pasaules un rad\u012bs iesp\u0113ju str\u0101d\u0101t pie konkr\u0113tiem risin\u0101jumiem sabiedr\u012bbas vesel\u012bbas uzlabo\u0161an\u0101 \u2013 no antibiotiku rezistences l\u012bdz klimata izmai\u0146u ietekmes uzraudz\u012bbai.\u201d<\/p>\n<p>Projekta \u201cIzcil\u012bbas centrs integr\u0113t\u0101 vienotas vesel\u012bbas ekosist\u0113m\u0101\u201d kop\u0113jais bud\u017eets b\u016bs 30 miljoni eiro \u2013 15 miljoni no Eiropas Savien\u012bbas programmas \u201cApv\u0101rsnis Eiropa\u201d un 15 miljoni no Latvijas, tostarp ES Re\u0123ion\u0101l\u0101s att\u012bst\u012bbas fonda l\u012bdzek\u013ci 85% apm\u0113r\u0101, valsts bud\u017eeta l\u012bdzek\u013ci 11,7% apm\u0113r\u0101 un projekta \u012bstenot\u0101ju pa\u0161u l\u012bdzek\u013ci 3,3% apm\u0113r\u0101. Projektu \u012bstenos Latvijas Biomedic\u012bnas p\u0113t\u012bjumu un studiju centrs sadarb\u012bb\u0101 ar R\u012bgas Tehnisko universit\u0101ti, P\u0101rtikas dro\u0161\u012bbas, dz\u012bvnieku vesel\u012bbas un vides zin\u0101tnisko instit\u016btu BIOR, Eiropas molekul\u0101r\u0101s biolo\u0123ijas laboratorij\u0101m (EMBL) un Dand\u012b Universit\u0101ti (Lielbrit\u0101nija). K\u0101 asoci\u0113tie partneri projekt\u0101 piedal\u012bsies Slim\u012bbu profilakses un kontroles centrs (SPKC) un Latvijas Vides, \u0123eolo\u0123ijas un meteorolo\u0123ijas centrs (LV\u0122MC).<\/p>\n<p>Latvijas Biomedic\u012bnas p\u0113t\u012bjumu un studiju centrs projekta iesniegumu konkursam iesniegs l\u012bdz 2026. gada 20. janv\u0101rim. Projekta apstiprin\u0101\u0161anas gad\u012bjum\u0101 darbs pie t\u0101 \u012bsteno\u0161anas var\u0113tu s\u0101kties jau \u0161ogad.<\/p>\n<p>\u201cIntegroHEALTH\u201d projekts paredz izveidot Baltij\u0101 un Austrumeirop\u0101 pirmo Vienotas vesel\u012bbas centru. Tas noz\u012bm\u0113, ka vienuviet tiks p\u0113t\u012bta cilv\u0113ka, dz\u012bvnieku un vides vesel\u012bba kop\u0101, jo \u0161\u012bs jomas ir cie\u0161i saist\u012btas. Piem\u0113ram, antibiotiku rezistence vai slim\u012bbas, kas p\u0101riet no dz\u012bvniekiem uz cilv\u0113kiem (putnu gripa, Covid-19), nav atrisin\u0101mas tikai medic\u012bn\u0101 \u2013 nepiecie\u0161ama integr\u0113ta pieeja.<\/p>\n<p>Centrs izmantos m\u0101ksl\u012bgo intelektu un digit\u0101lo dv\u012b\u0146u tehnolo\u0123iju \u2013 virtu\u0101lus mode\u013cus, kas re\u0101laj\u0101 laik\u0101 atspogu\u013co situ\u0101ciju vesel\u012bbas jom\u0101 un pal\u012bdz ekspertiem pie\u0146emt l\u0113mumus.<\/p>\n<p>\u010cetri jauni p\u0113tniec\u012bbas virzieni Latvij\u0101<\/p>\n<p>Projekta rezult\u0101t\u0101 Latvij\u0101 tiks iedibin\u0101ti \u010detri jauni p\u0113tniec\u012bbas virzieni:<\/p>\n<ul>&#13;<\/p>\n<li>Vienotas vesel\u012bbas metagenomika \u2013, k\u0101 izplat\u0101s b\u012bstami mikrobi un antibiotiku rezistence.<\/li>\n<p>&#13;<\/p>\n<li>Vides bioindikatoru anal\u012btika \u2013, k\u0101 vides pies\u0101r\u0146ojums ietekm\u0113 vesel\u012bbu.<\/li>\n<p>&#13;<\/p>\n<li>Digit\u0101lo sist\u0113mu model\u0113\u0161ana \u2013 platforma, kas apvieno datus par genomu, mikroorganismiem, vidi un vesel\u012bbu.<\/li>\n<p>&#13;<\/p>\n<li>Vienotas vesel\u012bbas dro\u0161\u012bbas anal\u012btika \u2013, k\u0101 agr\u012bni atkl\u0101t biolo\u0123iskos, \u0137\u012bmiskos un ekolo\u0123iskos draudus, tostarp hibr\u012bdkaru.<\/li>\n<p>&#13;\n<\/ul>\n<p>Projekta rezult\u0101t\u0101 tiks rad\u012btas 24 jaunas augsti kvalific\u0113tu zin\u0101tnieku darba vietas, moderniz\u0113ta p\u0113tniec\u012bbas infrastrukt\u016bra un veicin\u0101ta sadarb\u012bba ar starptautiskajiem partneriem. T\u0101pat tiks izveidota digit\u0101la platforma, kuru var\u0113s izmantot \u016bdenssaimniec\u012bbas, p\u0101rtikas, lauksaimniec\u012bbas, farm\u0101cijas un biotehnolo\u0123iju uz\u0146\u0113mumi. SPKC un LV\u0122MC var\u0113s izmantot infrastrukt\u016bru sabiedr\u012bbas vesel\u012bbas un vides dro\u0161\u012bbas monitoringam re\u0101laj\u0101 laik\u0101.<\/p>\n<p>Ar 13.01.2026. apstiprin\u0101to noteikumu projektu <a href=\"https:\/\/tapportals.mk.gov.lv\/legal_acts\/d6e33a72-2072-404c-91cd-b446110d79f6\" target=\"_blank\" rel=\"nofollow noopener\">\u201cPar l\u012bdzfinans\u0113juma nodro\u0161in\u0101\u0161anu projekta \u201cIzcil\u012bbas centrs integr\u0113t\u0101 vienotas vesel\u012bbas ekosist\u0113m\u0101\u201d \u012bsteno\u0161anai\u201d<\/a> var iepaz\u012bties Ministru kabineta t\u012bmek\u013cvietn\u0113.<\/p>\n<p>          <img decoding=\"async\" src=\"https:\/\/www.europesays.com\/lv\/wp-content\/uploads\/2026\/01\/1767645852_487_logo-lv.png\" alt=\"\"\/><\/p>\n<p>                  \u0160\u012b inform\u0101cija ir publisks pazi\u0146ojums un neatspogu\u013co LV port\u0101la viedokli. Par t\u0101s saturu atbild ies\u016bt\u012bt\u0101js. <a data-popup=\"rules\">Public\u0113\u0161anas noteikumi<\/a><\/p>\n","protected":false},"excerpt":{"rendered":"Otrdien, 13. janv\u0101r\u012b, Ministru kabinets atbalst\u012bja Izgl\u012bt\u012bbas un zin\u0101tnes ministrijas priek\u0161likumu iesniegt Eiropas Savien\u012bbas projekta konkurs\u0101 pieteikumu \u201cIzcil\u012bbas&hellip;\n","protected":false},"author":2,"featured_media":103627,"comment_status":"","ping_status":"","sticky":false,"template":"","format":"standard","meta":{"footnotes":""},"categories":[5],"tags":[23,28,29,32,33,22,30,31,35,39,38,36,37,34,40,20,26,27,24,25,21],"class_list":{"0":"post-103626","1":"post","2":"type-post","3":"status-publish","4":"format-standard","5":"has-post-thumbnail","7":"category-aktualitates","8":"tag-aktualitates","9":"tag-breaking-news","10":"tag-breakingnews","11":"tag-featured-news","12":"tag-featurednews","13":"tag-headlines","14":"tag-latest-news","15":"tag-latestnews","16":"tag-latvia","17":"tag-latvian","18":"tag-latviesu","19":"tag-latviesu-valoda","20":"tag-latviesuvaloda","21":"tag-latvija","22":"tag-lv","23":"tag-news","24":"tag-popularakas-zinas","25":"tag-popularakaszinas","26":"tag-top-stories","27":"tag-topstories","28":"tag-zinas"},"share_on_mastodon":{"url":"https:\/\/pubeurope.com\/@lv\/115890090438919393","error":""},"_links":{"self":[{"href":"https:\/\/www.europesays.com\/lv\/wp-json\/wp\/v2\/posts\/103626","targetHints":{"allow":["GET"]}}],"collection":[{"href":"https:\/\/www.europesays.com\/lv\/wp-json\/wp\/v2\/posts"}],"about":[{"href":"https:\/\/www.europesays.com\/lv\/wp-json\/wp\/v2\/types\/post"}],"author":[{"embeddable":true,"href":"https:\/\/www.europesays.com\/lv\/wp-json\/wp\/v2\/users\/2"}],"replies":[{"embeddable":true,"href":"https:\/\/www.europesays.com\/lv\/wp-json\/wp\/v2\/comments?post=103626"}],"version-history":[{"count":0,"href":"https:\/\/www.europesays.com\/lv\/wp-json\/wp\/v2\/posts\/103626\/revisions"}],"wp:featuredmedia":[{"embeddable":true,"href":"https:\/\/www.europesays.com\/lv\/wp-json\/wp\/v2\/media\/103627"}],"wp:attachment":[{"href":"https:\/\/www.europesays.com\/lv\/wp-json\/wp\/v2\/media?parent=103626"}],"wp:term":[{"taxonomy":"category","embeddable":true,"href":"https:\/\/www.europesays.com\/lv\/wp-json\/wp\/v2\/categories?post=103626"},{"taxonomy":"post_tag","embeddable":true,"href":"https:\/\/www.europesays.com\/lv\/wp-json\/wp\/v2\/tags?post=103626"}],"curies":[{"name":"wp","href":"https:\/\/api.w.org\/{rel}","templated":true}]}}