{"id":103628,"date":"2026-01-13T22:13:07","date_gmt":"2026-01-13T22:13:07","guid":{"rendered":"https:\/\/www.europesays.com\/lv\/103628\/"},"modified":"2026-01-13T22:13:07","modified_gmt":"2026-01-13T22:13:07","slug":"noras-ikstenas-pedejas-nedelas-masa-indra-atklati-stasta-par-cinu-un-milestibu","status":"publish","type":"post","link":"https:\/\/www.europesays.com\/lv\/103628\/","title":{"rendered":"Noras Ikstenas p\u0113d\u0113j\u0101s ned\u0113\u013cas. M\u0101sa Indra atkl\u0101ti st\u0101sta par c\u012b\u0146u un m\u012blest\u012bbu"},"content":{"rendered":"<p class=\"ng-star-inserted\">Lai gan pirms da\u017eiem gadiem rakstniecei izdev\u0101s iz\u0137epuroties no smagas kr\u012bzes, p\u0113d\u0113jie \u010detri m\u0113ne\u0161i izr\u0101d\u012bj\u0101s likten\u012bgi. Indra atkl\u0101j, ka tika piesaist\u012bti lab\u0101kie \u0101rsti un tuvinieki cer\u0113ja uz br\u012bnumu, ta\u010du slim\u012bba izr\u0101d\u012bj\u0101s sp\u0113c\u012bg\u0101ka. Rakstnieces dz\u012bves nosl\u0113gums tika pavad\u012bts apr\u016bpes nam\u0101 &#8220;Vecbebri&#8221;, kur vi\u0146a sa\u0146\u0113ma ne tikai profesion\u0101lu apr\u016bpi, bet ar\u012b cilv\u0113cisku siltumu. Person\u0101ls l\u012bdz pat p\u0113d\u0113jai dienai cent\u0101s uztur\u0113t vi\u0146\u0101 dz\u012bvesprieku.<\/p>\n<p class=\"ng-star-inserted\">P\u0113c emocion\u0101l\u0101s ceremonijas \u0123imene jau pie\u0146\u0113musi l\u0113mumu par rakstnieces p\u0113d\u0113jo atdusas vietu. <a href=\"https:\/\/www.apollo.lv\/term\/850541\/indra-vilipsone\" class=\"topicLink\" target=\"_blank\" rel=\"nofollow noopener\">Indra Vilipsone<\/a> nor\u0101da, ka urna ar m\u0101sas p\u012b\u0161\u013ciem tiks guld\u012bta zemes kl\u0113p\u012b j\u016bnij\u0101 Ik\u0161\u0137iles kapos. \u0160is laiks izv\u0113l\u0113ts simboliski, br\u012bd\u012b, kad zied\u0113s Noras m\u012b\u013cais d\u0101rzs, vi\u0146a atgriez\u012bsies pie savas mammas.<\/p>\n<p class=\"ng-star-inserted\">Vair\u0101k lasi \u017eurn\u0101la &#8220;Priv\u0101t\u0101 Dz\u012bve&#8221; 13. janv\u0101ra numur\u0101!<\/p>\n","protected":false},"excerpt":{"rendered":"Lai gan pirms da\u017eiem gadiem rakstniecei izdev\u0101s iz\u0137epuroties no smagas kr\u012bzes, p\u0113d\u0113jie \u010detri m\u0113ne\u0161i izr\u0101d\u012bj\u0101s likten\u012bgi. Indra atkl\u0101j,&hellip;\n","protected":false},"author":2,"featured_media":103629,"comment_status":"","ping_status":"","sticky":false,"template":"","format":"standard","meta":{"footnotes":""},"categories":[19],"tags":[89,21101,90,35,39,38,36,37,34,1429,40],"class_list":{"0":"post-103628","1":"post","2":"type-post","3":"status-publish","4":"format-standard","5":"has-post-thumbnail","7":"category-izklaide","8":"tag-entertainment","9":"tag-indra-vilipsone","10":"tag-izklaide","11":"tag-latvia","12":"tag-latvian","13":"tag-latviesu","14":"tag-latviesu-valoda","15":"tag-latviesuvaloda","16":"tag-latvija","17":"tag-latvijas-zurnali","18":"tag-lv"},"share_on_mastodon":{"url":"https:\/\/pubeurope.com\/@lv\/115890094356841344","error":""},"_links":{"self":[{"href":"https:\/\/www.europesays.com\/lv\/wp-json\/wp\/v2\/posts\/103628","targetHints":{"allow":["GET"]}}],"collection":[{"href":"https:\/\/www.europesays.com\/lv\/wp-json\/wp\/v2\/posts"}],"about":[{"href":"https:\/\/www.europesays.com\/lv\/wp-json\/wp\/v2\/types\/post"}],"author":[{"embeddable":true,"href":"https:\/\/www.europesays.com\/lv\/wp-json\/wp\/v2\/users\/2"}],"replies":[{"embeddable":true,"href":"https:\/\/www.europesays.com\/lv\/wp-json\/wp\/v2\/comments?post=103628"}],"version-history":[{"count":0,"href":"https:\/\/www.europesays.com\/lv\/wp-json\/wp\/v2\/posts\/103628\/revisions"}],"wp:featuredmedia":[{"embeddable":true,"href":"https:\/\/www.europesays.com\/lv\/wp-json\/wp\/v2\/media\/103629"}],"wp:attachment":[{"href":"https:\/\/www.europesays.com\/lv\/wp-json\/wp\/v2\/media?parent=103628"}],"wp:term":[{"taxonomy":"category","embeddable":true,"href":"https:\/\/www.europesays.com\/lv\/wp-json\/wp\/v2\/categories?post=103628"},{"taxonomy":"post_tag","embeddable":true,"href":"https:\/\/www.europesays.com\/lv\/wp-json\/wp\/v2\/tags?post=103628"}],"curies":[{"name":"wp","href":"https:\/\/api.w.org\/{rel}","templated":true}]}}