{"id":103631,"date":"2026-01-13T22:16:08","date_gmt":"2026-01-13T22:16:08","guid":{"rendered":"https:\/\/www.europesays.com\/lv\/103631\/"},"modified":"2026-01-13T22:16:08","modified_gmt":"2026-01-13T22:16:08","slug":"asv-tieslietu-ministrija-sak-izmeklesanu-pret-frs-vaditaju-pauelu-centralas-bankas-pauz-atbalstu-neatkaribai","status":"publish","type":"post","link":"https:\/\/www.europesays.com\/lv\/103631\/","title":{"rendered":"ASV Tieslietu ministrija s\u0101k izmekl\u0113\u0161anu pret FRS vad\u012bt\u0101ju Pauelu; centr\u0101l\u0101s bankas pau\u017e atbalstu neatkar\u012bbai"},"content":{"rendered":"<p class=\"lead\">\n                                Izmekl\u0113\u0161ana s\u0101kta, jo Pauels esot melojis par FRS galven\u0101s m\u012btnes renov\u0101cijas izmaks\u0101m Va\u0161ington\u0101.\n                            <\/p>\n<p>Videouzrun\u0101 Paeuls sv\u0113tdien pazi\u0146oja, ka izmekl\u0113\u0161ana dr\u012bz\u0101k saist\u012bta ar ASV prezidenta Donalda Trampa centieniem ietekm\u0113t FRS monet\u0101r\u0101s politikas l\u0113mumus. Tramps daudzk\u0101rt p\u0101rmetis Pauelam, ka ASV centr\u0101l\u0101 banka, vi\u0146apr\u0101t, kav\u0113joties ar procentu likmju samazin\u0101\u0161anu. FRS ir neatkar\u012bga instit\u016bcija, bet procentu likmju samazin\u0101\u0161ana bija viens no Trampa priek\u0161v\u0113l\u0113\u0161anu sol\u012bjumiem.<\/p>\n<p>&#8220;M\u0113s piln\u012bb\u0101 solidariz\u0113jamies ar Feder\u0101lo rezervju sist\u0113mu un t\u0101s priek\u0161s\u0113d\u0113t\u0101ju D\u017eeromu Pauelu. Centr\u0101lo banku neatkar\u012bba ir svar\u012bga cenu, finan\u0161u un ekonomiskajai stabilit\u0101tei to pilso\u0146u interes\u0113s, kuriem m\u0113s kalpojam,&#8221; teikts pazi\u0146ojum\u0101, ko parakst\u012bju\u0161i Eiropas Centr\u0101l\u0101s bankas, Anglijas, Austr\u0101lijas, Braz\u012blijas, D\u0101nijas, Dienvidkorejas, Kan\u0101das, \u0160veices un Zviedrijas centr\u0101lo banku vad\u012bt\u0101ji, k\u0101 ar\u012b Starptautisko nor\u0113\u0137inu bankas priek\u0161s\u0113d\u0113t\u0101js. Tramps sv\u0113tdien noliedza, ka zin\u0101tu par Tieslietu ministrijas izmekl\u0113\u0161anu pret FRS.<\/p>\n<p> Aptauja <\/p>\n<p> K\u0101di ir Donalda Trampa m\u0113r\u0137i attiec\u012bb\u0101 uz Krieviju un Ukrainu? <\/p>\n<p class=\"paragraph-muted\">Izv\u0113lies savu soct\u012bklu platformu, lai sekotu LASI.LV: <a href=\"https:\/\/www.facebook.com\/portals.lasi.lv\" target=\"_blank\" rel=\"noopener noreferrer nofollow\">Facebook<\/a>, <a href=\"https:\/\/twitter.com\/lasilvportals\" target=\"_blank\" rel=\"noopener noreferrer nofollow\">X<\/a>, <a href=\"https:\/\/bsky.app\/profile\/lasilv.bsky.social\" target=\"_blank\" rel=\"noopener noreferrer nofollow\">Bluesky<\/a>, <a href=\"https:\/\/www.draugiem.lv\/lasilv\/?pg=4\" target=\"_blank\" rel=\"noopener noreferrer nofollow\">Draugiem<\/a>, <a href=\"https:\/\/www.threads.com\/@lasilv_zinas\" rel=\"nofollow noopener\" target=\"_blank\">Threads<\/a> vai ar\u012b <a href=\"https:\/\/www.instagram.com\/lasilv_zinas\/\" target=\"_blank\" rel=\"noopener noreferrer nofollow\">Instagram<\/a>. Pievienojies m\u016bsu las\u012bt\u0101ju pulkam, lai sa\u0146emtu \u012bpa\u0161i tev atlas\u012btu noder\u012bgu, praktisku un aktu\u0101lu saturu.\u00a0<\/p>\n<p style=\"margin-left:auto;\">Pieraksties LASI.LV redaktora v\u0113stkopai <a href=\"https:\/\/lasi.lv\/vestkopa\/lasi-lv-galvena-redaktora-vestkopa\" rel=\"nofollow noopener\" target=\"_blank\">\u0161eit<\/a>.<\/p>\n<p>Pieraksties v\u0113stkopai un divas reizes ned\u0113\u013c\u0101 sa\u0146em padzi\u013cin\u0101tu LASI.LV galven\u0101 redaktora aktu\u0101lo zi\u0146u, kompetentu viedok\u013cu un interesant\u0101ko interviju apkopojumu.<\/p>\n<p>Ko tu sa\u0146emsi:<\/p>\n<ul>\n<li>Daudzveid\u012bgus koment\u0101rus un kompetentus Latvijas Mediju \u017eurn\u0101listu un autoru viedok\u013cus par aktu\u0101lo<\/li>\n<li>Ekspertu koment\u0101rus par da\u017e\u0101diem praktiskiem, noder\u012bgiem tematiem<\/li>\n<li>Aizraujo\u0161us materi\u0101lus par v\u0113sturi, psiholo\u0123iju, kult\u016bru<\/li>\n<li>Gata \u0160\u013c\u016bkas karikat\u016bru<\/li>\n<li>Tav\u0101 e-pasta kast\u012bt\u0113 katru ceturtdienu<\/li>\n<\/ul>\n<p style=\"margin-left:auto;\">\u00a0<\/p>\n<p><script async src=\"https:\/\/platform.twitter.com\/widgets.js\" charset=\"utf-8\"><\/script><script async src=\"\/\/www.instagram.com\/embed.js\"><\/script><\/p>\n","protected":false},"excerpt":{"rendered":"Izmekl\u0113\u0161ana s\u0101kta, jo Pauels esot melojis par FRS galven\u0101s m\u012btnes renov\u0101cijas izmaks\u0101m Va\u0161ington\u0101. Videouzrun\u0101 Paeuls sv\u0113tdien pazi\u0146oja, ka&hellip;\n","protected":false},"author":2,"featured_media":103632,"comment_status":"","ping_status":"","sticky":false,"template":"","format":"standard","meta":{"footnotes":""},"categories":[14],"tags":[23,57,28,29,32,33,22,30,31,35,39,38,36,37,34,40,20,26,27,24,25,54,55,56,21,58],"class_list":{"0":"post-103631","1":"post","2":"type-post","3":"status-publish","4":"format-standard","5":"has-post-thumbnail","7":"category-zinas-no-arvalstim","8":"tag-aktualitates","9":"tag-arvalstim","10":"tag-breaking-news","11":"tag-breakingnews","12":"tag-featured-news","13":"tag-featurednews","14":"tag-headlines","15":"tag-latest-news","16":"tag-latestnews","17":"tag-latvia","18":"tag-latvian","19":"tag-latviesu","20":"tag-latviesu-valoda","21":"tag-latviesuvaloda","22":"tag-latvija","23":"tag-lv","24":"tag-news","25":"tag-popularakas-zinas","26":"tag-popularakaszinas","27":"tag-top-stories","28":"tag-topstories","29":"tag-world","30":"tag-world-news","31":"tag-worldnews","32":"tag-zinas","33":"tag-zinas-no-arvalstim"},"share_on_mastodon":{"url":"https:\/\/pubeurope.com\/@lv\/115890105979395789","error":""},"_links":{"self":[{"href":"https:\/\/www.europesays.com\/lv\/wp-json\/wp\/v2\/posts\/103631","targetHints":{"allow":["GET"]}}],"collection":[{"href":"https:\/\/www.europesays.com\/lv\/wp-json\/wp\/v2\/posts"}],"about":[{"href":"https:\/\/www.europesays.com\/lv\/wp-json\/wp\/v2\/types\/post"}],"author":[{"embeddable":true,"href":"https:\/\/www.europesays.com\/lv\/wp-json\/wp\/v2\/users\/2"}],"replies":[{"embeddable":true,"href":"https:\/\/www.europesays.com\/lv\/wp-json\/wp\/v2\/comments?post=103631"}],"version-history":[{"count":0,"href":"https:\/\/www.europesays.com\/lv\/wp-json\/wp\/v2\/posts\/103631\/revisions"}],"wp:featuredmedia":[{"embeddable":true,"href":"https:\/\/www.europesays.com\/lv\/wp-json\/wp\/v2\/media\/103632"}],"wp:attachment":[{"href":"https:\/\/www.europesays.com\/lv\/wp-json\/wp\/v2\/media?parent=103631"}],"wp:term":[{"taxonomy":"category","embeddable":true,"href":"https:\/\/www.europesays.com\/lv\/wp-json\/wp\/v2\/categories?post=103631"},{"taxonomy":"post_tag","embeddable":true,"href":"https:\/\/www.europesays.com\/lv\/wp-json\/wp\/v2\/tags?post=103631"}],"curies":[{"name":"wp","href":"https:\/\/api.w.org\/{rel}","templated":true}]}}