{"id":103633,"date":"2026-01-13T22:18:06","date_gmt":"2026-01-13T22:18:06","guid":{"rendered":"https:\/\/www.europesays.com\/lv\/103633\/"},"modified":"2026-01-13T22:18:06","modified_gmt":"2026-01-13T22:18:06","slug":"video-%e2%9f%a9-ventspils-sosejas-tragedija-bojagajusie-bija-saistiti-ar-institutu-silava","status":"publish","type":"post","link":"https:\/\/www.europesays.com\/lv\/103633\/","title":{"rendered":"VIDEO \u27e9 Ventspils \u0161osejas tra\u0123\u0113dij\u0101 boj\u0101g\u0101ju\u0161ie bija saist\u012bti ar instit\u016btu \u201cSilava\u201d"},"content":{"rendered":"<p>K\u0101 liecina LTV r\u012bc\u012bb\u0101 eso\u0161\u0101 inform\u0101cija, tad dz\u012bv\u012bbu zaud\u0113ju\u0161ie cilv\u0113ki saist\u012bti ar me\u017ezin\u0101tnes instit\u016btu \u201cSilava\u201d \u2013 agr\u0101kais Salaspils novada domes deput\u0101ts Ernets Moisejs, kur\u0161 str\u0101d\u0101ja instit\u016bt\u0101, k\u0101 ar\u012b t\u0101 biju\u0161ie darbinieki Val\u0113rijs Boska\u010denko un Vladislavs Bokta.<\/p>\n<p>Policij\u0101 skaidro, ka av\u0101rij\u0101 uz Ventspils \u0161osejas bija iesaist\u012bti pieci transportl\u012bdzek\u013ci, lai ar\u012b s\u0101kotn\u0113ji zi\u0146ots par se\u0161iem.<\/p>\n<p>S\u0101kotn\u0113ja inform\u0101cija liecina, ka &#8220;Toyota&#8221; automa\u0161\u012bnas vad\u012bt\u0101js netika gal\u0101 ar transportl\u012bdzek\u013ca vad\u012bbu, iebrauca pret\u0113j\u0101 brauk\u0161anas virziena josl\u0101, kur izrais\u012bja sadursmi ar pretim brauco\u0161o &#8220;Volvo&#8221; kravas automa\u0161\u012bnu. P\u0113c tam notika sadursme ar v\u0113l tr\u012bs automa\u0161\u012bn\u0101m.<\/p>\n<p>Policij\u0101 par notiku\u0161o ir s\u0101kts krimin\u0101lprocess.<\/p>\n<p>Jau zi\u0146ots, ka sv\u0113tdien plkst. 15.17 sa\u0146emts izsaukums uz Tukuma novadu, Sm\u0101rdes pagastu, kur notikusi sadursme.<\/p>\n<p>Av\u0101rij\u0101 boj\u0101 g\u0101ju\u0161as tr\u012bs personas, kas atradu\u0161\u0101s automa\u0161\u012bn\u0101 &#8220;Toyota Hilux&#8221;.<\/p>\n<p>Vair\u0101k skaties si\u017eet\u0101!<\/p>\n","protected":false},"excerpt":{"rendered":"K\u0101 liecina LTV r\u012bc\u012bb\u0101 eso\u0161\u0101 inform\u0101cija, tad dz\u012bv\u012bbu zaud\u0113ju\u0161ie cilv\u0113ki saist\u012bti ar me\u017ezin\u0101tnes instit\u016btu \u201cSilava\u201d \u2013 agr\u0101kais Salaspils&hellip;\n","protected":false},"author":2,"featured_media":61343,"comment_status":"","ping_status":"","sticky":false,"template":"","format":"standard","meta":{"footnotes":""},"categories":[5],"tags":[23,2849,28,29,32,33,22,30,31,35,39,38,36,37,34,40,20,163,26,27,24,25,21],"class_list":{"0":"post-103633","1":"post","2":"type-post","3":"status-publish","4":"format-standard","5":"has-post-thumbnail","7":"category-aktualitates","8":"tag-aktualitates","9":"tag-avarija","10":"tag-breaking-news","11":"tag-breakingnews","12":"tag-featured-news","13":"tag-featurednews","14":"tag-headlines","15":"tag-latest-news","16":"tag-latestnews","17":"tag-latvia","18":"tag-latvian","19":"tag-latviesu","20":"tag-latviesu-valoda","21":"tag-latviesuvaloda","22":"tag-latvija","23":"tag-lv","24":"tag-news","25":"tag-policija","26":"tag-popularakas-zinas","27":"tag-popularakaszinas","28":"tag-top-stories","29":"tag-topstories","30":"tag-zinas"},"share_on_mastodon":{"url":"https:\/\/pubeurope.com\/@lv\/115890113951070950","error":""},"_links":{"self":[{"href":"https:\/\/www.europesays.com\/lv\/wp-json\/wp\/v2\/posts\/103633","targetHints":{"allow":["GET"]}}],"collection":[{"href":"https:\/\/www.europesays.com\/lv\/wp-json\/wp\/v2\/posts"}],"about":[{"href":"https:\/\/www.europesays.com\/lv\/wp-json\/wp\/v2\/types\/post"}],"author":[{"embeddable":true,"href":"https:\/\/www.europesays.com\/lv\/wp-json\/wp\/v2\/users\/2"}],"replies":[{"embeddable":true,"href":"https:\/\/www.europesays.com\/lv\/wp-json\/wp\/v2\/comments?post=103633"}],"version-history":[{"count":0,"href":"https:\/\/www.europesays.com\/lv\/wp-json\/wp\/v2\/posts\/103633\/revisions"}],"wp:featuredmedia":[{"embeddable":true,"href":"https:\/\/www.europesays.com\/lv\/wp-json\/wp\/v2\/media\/61343"}],"wp:attachment":[{"href":"https:\/\/www.europesays.com\/lv\/wp-json\/wp\/v2\/media?parent=103633"}],"wp:term":[{"taxonomy":"category","embeddable":true,"href":"https:\/\/www.europesays.com\/lv\/wp-json\/wp\/v2\/categories?post=103633"},{"taxonomy":"post_tag","embeddable":true,"href":"https:\/\/www.europesays.com\/lv\/wp-json\/wp\/v2\/tags?post=103633"}],"curies":[{"name":"wp","href":"https:\/\/api.w.org\/{rel}","templated":true}]}}