{"id":103634,"date":"2026-01-13T22:19:09","date_gmt":"2026-01-13T22:19:09","guid":{"rendered":"https:\/\/www.europesays.com\/lv\/103634\/"},"modified":"2026-01-13T22:19:09","modified_gmt":"2026-01-13T22:19:09","slug":"horoskops-tresdienai-14-janvarim","status":"publish","type":"post","link":"https:\/\/www.europesays.com\/lv\/103634\/","title":{"rendered":"Horoskops tre\u0161dienai, 14. janv\u0101rim"},"content":{"rendered":"<p>Dienas horoskops: \u0160odien jut\u012bsies l\u012bdzsvarots un nosv\u0113rts. Vari izl\u012bdzin\u0101t attiec\u012bbas vai atrast kompromisu. Vakars piem\u0113rots harmonijai.<br \/>M\u012blest\u012bba un karjera: Attiec\u012bb\u0101s vald\u012bs maigums un sapratne. Partneris sajut\u012bs tavu mieru. Darb\u0101 pan\u0101kumi n\u0101ks ar sadarb\u012bbu. Pan\u0101kumi b\u016bs l\u012bdzsvar\u0101.<\/p>\n<p>Dienas horoskops: Intu\u012bcija b\u016bs \u012bpa\u0161i asa. Vari ieraudz\u012bt paties\u012bbu situ\u0101cij\u0101, kas ilgi mulsin\u0101ja. Vakars piem\u0113rots klus\u0101m p\u0101rdom\u0101m.<br \/>M\u012blest\u012bba un karjera: Attiec\u012bb\u0101s vald\u012bs patiesums un dzi\u013cums. Partneris nov\u0113rt\u0113s tavu god\u012bgumu. Darb\u0101 pan\u0101kumi n\u0101ks ar fokusu. Pan\u0101kumi b\u016bs skaidr\u012bb\u0101.<\/p>\n<p>Dienas horoskops: Diena ienes\u012bs vieglu optimismu. Vari dom\u0101t par n\u0101kotnes pl\u0101niem bez steigas. Vakars b\u016bs gai\u0161s un mier\u012bgs.<br \/>M\u012blest\u012bba un karjera: Attiec\u012bb\u0101s vald\u012bs br\u012bv\u012bba un atkl\u0101t\u012bba. Partneris nov\u0113rt\u0113s tavu skat\u012bjumu. Darb\u0101 pan\u0101kumi n\u0101ks ar iedvesmu. Pan\u0101kumi b\u016bs iesp\u0113j\u0101s.<\/p>\n<p>Dienas horoskops: \u0160odien b\u016bsi disciplin\u0113ts, bet mier\u012bgs. Vari pabeigt darbus bez lieka stresa. Vakars piem\u0113rots atelpai.<br \/>M\u012blest\u012bba un karjera: Attiec\u012bb\u0101s vald\u012bs uztic\u012bba un stabilit\u0101te. Partneris sajut\u012bs tavu atbalstu. Darb\u0101 pan\u0101kumi n\u0101ks ar paciet\u012bbu. Pan\u0101kumi b\u016bs iztur\u012bb\u0101.<\/p>\n<p>Dienas horoskops: Pr\u0101ts b\u016bs atv\u0113rts neierastiem risin\u0101jumiem. Laba diena idej\u0101m un sarun\u0101m. Vakars piem\u0113rots domu apmai\u0146ai.<br \/>M\u012blest\u012bba un karjera: Attiec\u012bb\u0101s vald\u012bs atkl\u0101t\u012bba un br\u012bv\u012bba. Partneris nov\u0113rt\u0113s tavu ori\u0123inalit\u0101ti. Darb\u0101 pan\u0101kumi n\u0101ks ar rado\u0161umu. Pan\u0101kumi b\u016bs idej\u0101s.<\/p>\n<p>Dienas horoskops: Diena b\u016bs maiga un intuit\u012bva. Vari piev\u0113rsties rado\u0161umam vai emocion\u0101lai atjauno\u0161anai. Vakars b\u016bs mier\u012bgs un dziedino\u0161s.<br \/>M\u012blest\u012bba un karjera: Attiec\u012bb\u0101s vald\u012bs emp\u0101tija un sirsn\u012bba. Partneris sajut\u012bs tavu sirds siltumu. Darb\u0101 seko intu\u012bcijai. Pan\u0101kumi b\u016bs saska\u0146\u0101 ar sirdi.<\/p>\n","protected":false},"excerpt":{"rendered":"Dienas horoskops: \u0160odien jut\u012bsies l\u012bdzsvarots un nosv\u0113rts. Vari izl\u012bdzin\u0101t attiec\u012bbas vai atrast kompromisu. Vakars piem\u0113rots harmonijai.M\u012blest\u012bba un karjera:&hellip;\n","protected":false},"author":2,"featured_media":103635,"comment_status":"","ping_status":"","sticky":false,"template":"","format":"standard","meta":{"footnotes":""},"categories":[19],"tags":[89,760,562,90,35,39,38,36,37,34,40],"class_list":{"0":"post-103634","1":"post","2":"type-post","3":"status-publish","4":"format-standard","5":"has-post-thumbnail","7":"category-izklaide","8":"tag-entertainment","9":"tag-horoskopi","10":"tag-horoskops","11":"tag-izklaide","12":"tag-latvia","13":"tag-latvian","14":"tag-latviesu","15":"tag-latviesu-valoda","16":"tag-latviesuvaloda","17":"tag-latvija","18":"tag-lv"},"share_on_mastodon":{"url":"https:\/\/pubeurope.com\/@lv\/115890117812242557","error":""},"_links":{"self":[{"href":"https:\/\/www.europesays.com\/lv\/wp-json\/wp\/v2\/posts\/103634","targetHints":{"allow":["GET"]}}],"collection":[{"href":"https:\/\/www.europesays.com\/lv\/wp-json\/wp\/v2\/posts"}],"about":[{"href":"https:\/\/www.europesays.com\/lv\/wp-json\/wp\/v2\/types\/post"}],"author":[{"embeddable":true,"href":"https:\/\/www.europesays.com\/lv\/wp-json\/wp\/v2\/users\/2"}],"replies":[{"embeddable":true,"href":"https:\/\/www.europesays.com\/lv\/wp-json\/wp\/v2\/comments?post=103634"}],"version-history":[{"count":0,"href":"https:\/\/www.europesays.com\/lv\/wp-json\/wp\/v2\/posts\/103634\/revisions"}],"wp:featuredmedia":[{"embeddable":true,"href":"https:\/\/www.europesays.com\/lv\/wp-json\/wp\/v2\/media\/103635"}],"wp:attachment":[{"href":"https:\/\/www.europesays.com\/lv\/wp-json\/wp\/v2\/media?parent=103634"}],"wp:term":[{"taxonomy":"category","embeddable":true,"href":"https:\/\/www.europesays.com\/lv\/wp-json\/wp\/v2\/categories?post=103634"},{"taxonomy":"post_tag","embeddable":true,"href":"https:\/\/www.europesays.com\/lv\/wp-json\/wp\/v2\/tags?post=103634"}],"curies":[{"name":"wp","href":"https:\/\/api.w.org\/{rel}","templated":true}]}}