{"id":103638,"date":"2026-01-13T22:25:07","date_gmt":"2026-01-13T22:25:07","guid":{"rendered":"https:\/\/www.europesays.com\/lv\/103638\/"},"modified":"2026-01-13T22:25:07","modified_gmt":"2026-01-13T22:25:07","slug":"reperis-rolands-ce-atklati-par-sovu-pardziedi-mani","status":"publish","type":"post","link":"https:\/\/www.europesays.com\/lv\/103638\/","title":{"rendered":"Reperis rolands \u010de atkl\u0101ti par \u0161ovu &#8220;P\u0101rdziedi mani&#8221;"},"content":{"rendered":"<p>Reperis \u017eurn\u0101lam st\u0101sta, ka vi\u0146u uzaicin\u0101ja piedal\u012bties \u0161ov\u0101 vasaras vid\u016b. &#8220;Piekritu, jo pied\u0101v\u0101jums \u0161\u0137ita pievilc\u012bgs. Apzin\u0101jos, ka vajadz\u0113s tren\u0113ties dzied\u0101t, ka tas nav mans ierastais amplu\u0101 un b\u016bs j\u0101piespie\u017e sevi, lai virz\u012btos pret\u012b m\u0113r\u0137im. Es to grib\u0113ju, lai att\u012bst\u012btos un progres\u0113tu.&#8221;<\/p>\n<p>&#8220;Visu laiku j\u0101dom\u0101, ko dar\u012bsi n\u0101kamaj\u0101. Gr\u016bt\u0101kais bija sagatavot priek\u0161nesumu operas \u017eanr\u0101. Gandr\u012bz neviens no mums nebija ko t\u0101du dzied\u0101jis. Kad izpild\u012bju dziesmu &#8221;0 Sole mio&#8221;, vajadz\u0113ja \u013coti koncentr\u0113ties, bija j\u0101p\u0101rprogramm\u0113 piln\u012bgi viss \u0137ermenis,&#8221; atceras rolands \u010de.<\/p>\n","protected":false},"excerpt":{"rendered":"Reperis \u017eurn\u0101lam st\u0101sta, ka vi\u0146u uzaicin\u0101ja piedal\u012bties \u0161ov\u0101 vasaras vid\u016b. &#8220;Piekritu, jo pied\u0101v\u0101jums \u0161\u0137ita pievilc\u012bgs. Apzin\u0101jos, ka vajadz\u0113s&hellip;\n","protected":false},"author":2,"featured_media":103639,"comment_status":"","ping_status":"","sticky":false,"template":"","format":"standard","meta":{"footnotes":""},"categories":[19],"tags":[89,90,35,39,38,36,37,34,1429,40,10556],"class_list":{"0":"post-103638","1":"post","2":"type-post","3":"status-publish","4":"format-standard","5":"has-post-thumbnail","7":"category-izklaide","8":"tag-entertainment","9":"tag-izklaide","10":"tag-latvia","11":"tag-latvian","12":"tag-latviesu","13":"tag-latviesu-valoda","14":"tag-latviesuvaloda","15":"tag-latvija","16":"tag-latvijas-zurnali","17":"tag-lv","18":"tag-rolands-ce"},"share_on_mastodon":{"url":"https:\/\/pubeurope.com\/@lv\/115890141474874643","error":""},"_links":{"self":[{"href":"https:\/\/www.europesays.com\/lv\/wp-json\/wp\/v2\/posts\/103638","targetHints":{"allow":["GET"]}}],"collection":[{"href":"https:\/\/www.europesays.com\/lv\/wp-json\/wp\/v2\/posts"}],"about":[{"href":"https:\/\/www.europesays.com\/lv\/wp-json\/wp\/v2\/types\/post"}],"author":[{"embeddable":true,"href":"https:\/\/www.europesays.com\/lv\/wp-json\/wp\/v2\/users\/2"}],"replies":[{"embeddable":true,"href":"https:\/\/www.europesays.com\/lv\/wp-json\/wp\/v2\/comments?post=103638"}],"version-history":[{"count":0,"href":"https:\/\/www.europesays.com\/lv\/wp-json\/wp\/v2\/posts\/103638\/revisions"}],"wp:featuredmedia":[{"embeddable":true,"href":"https:\/\/www.europesays.com\/lv\/wp-json\/wp\/v2\/media\/103639"}],"wp:attachment":[{"href":"https:\/\/www.europesays.com\/lv\/wp-json\/wp\/v2\/media?parent=103638"}],"wp:term":[{"taxonomy":"category","embeddable":true,"href":"https:\/\/www.europesays.com\/lv\/wp-json\/wp\/v2\/categories?post=103638"},{"taxonomy":"post_tag","embeddable":true,"href":"https:\/\/www.europesays.com\/lv\/wp-json\/wp\/v2\/tags?post=103638"}],"curies":[{"name":"wp","href":"https:\/\/api.w.org\/{rel}","templated":true}]}}