{"id":103640,"date":"2026-01-13T22:26:06","date_gmt":"2026-01-13T22:26:06","guid":{"rendered":"https:\/\/www.europesays.com\/lv\/103640\/"},"modified":"2026-01-13T22:26:06","modified_gmt":"2026-01-13T22:26:06","slug":"kamaninbrauceji-vinterberga-sak-pasaules-kausa-piekto-posmu-lente-lv-2","status":"publish","type":"post","link":"https:\/\/www.europesays.com\/lv\/103640\/","title":{"rendered":"Kamani\u0146brauc\u0113ji Vinterberg\u0101 s\u0101k Pasaules kausa piekto posmu\u00a0\u2014\u00a0Lente.lv"},"content":{"rendered":"<p>Pasaules kausa izc\u012b\u0146as piekt\u0101 posma starts V\u0101cij\u0101<\/p>\n<p>Latvijas lab\u0101kie kamani\u0146u brauc\u0113ji sestdien, 10. janv\u0101r\u012b, Vinterbergas tras\u0113 V\u0101cij\u0101 uzs\u0101ka Pasaules kausa izc\u012b\u0146as piekto posmu. Sacens\u012bbas s\u0101k\u0101s ar sievie\u0161u un v\u012brie\u0161u vieninieku startiem. K\u0101 zi\u0146o telekan\u0101ls TV3, Latvijas sportisti \u0161aj\u0101 posm\u0101 cer demonstr\u0113t labu sniegumu pirms gaid\u0101maj\u0101m svar\u012bg\u0101kaj\u0101m sacens\u012bb\u0101m.<\/p>\n<p>Vieninieku sacens\u012bbu rezult\u0101ti un Latvijas sportistu sniegums<\/p>\n<p>Sievie\u0161u sacens\u012bb\u0101s El\u012bna Ieva Bota start\u0113ja ar sept\u012bto numuru, Kendija Aparjode ar desmito, bet Zane Kaluma ar 23. numuru. Pirms \u0161\u012b posma Bota ie\u0146\u0113ma dev\u012bto vietu Pasaules kausa kopv\u0113rt\u0113jum\u0101, kas bija lab\u0101kais rezult\u0101ts starp Latvijas sportist\u0113m. V\u012brie\u0161u vieniniekos Kaspars Rinks start\u0113ja ar otro numuru, Gints B\u0113rzi\u0146\u0161 ar vienpadsmito, bet Kristers Aparjods ar \u010detrpadsmito. Kopv\u0113rt\u0113jum\u0101 pirms \u0161\u012b posma Kristers Aparjods ie\u0146\u0113ma piekto vietu, bet Gints B\u0113rzi\u0146\u0161 &#8211; sept\u012bto.<\/p>\n<p>Stafetes un divnieku sacens\u012bbas gaid\u0101mas<\/p>\n<p>P\u0113c vieninieku sacens\u012bb\u0101m, sv\u0113tdien, 11. janv\u0101r\u012b, Vinterbergas tras\u0113 paredz\u0113tas divnieku ekip\u0101\u017eu sacens\u012bbas un komandu stafete. Latvijas komanda stafet\u0113 iepriek\u0161\u0113j\u0101 posm\u0101 Vinterberg\u0101 izc\u012bn\u012bja piekto vietu, piek\u0101pjoties vado\u0161aj\u0101m valst\u012bm k\u0101 V\u0101cija, Austrija un It\u0101lija. Sievie\u0161u divnieku ekip\u0101\u017eas start\u0113ja sest\u0101s un tr\u012bspadsmit\u0101s, bet v\u012brie\u0161u divnieki demonstr\u0113ja atz\u012bstamu sniegumu, lai gan meda\u013cas netika izc\u012bn\u012btas.<\/p>\n<p>Olimpisk\u0101s kvalifik\u0101cijas noz\u012bme<\/p>\n<p>Posms Vinterberg\u0101 ir \u012bpa\u0161i noz\u012bm\u012bgs, jo tas nosl\u0113dz Pasaules kausa izc\u012b\u0146as posmu, kas vienlaic\u012bgi kalpo ar\u012b k\u0101 p\u0113d\u0113jais posms olimpiskajai kvalifik\u0101cijai. Sportisti un komandas cen\u0161as ieg\u016bt p\u0113c iesp\u0113jas vair\u0101k punktu, lai nodro\u0161in\u0101tu savu dal\u012bbu gaid\u0101maj\u0101s olimpiskaj\u0101s sp\u0113l\u0113s.<\/p>\n<p>Turpm\u0101kais kalend\u0101rs un Eiropas \u010dempion\u0101ts<\/p>\n<p>P\u0113c Vinterbergas posma kamani\u0146u sportisti turpin\u0101s sezonu V\u0101cijas tras\u0113 Oberhof\u0101, kur tiks aizvad\u012bti v\u0113l divi posmi. Pirmaj\u0101 no \u0161iem posmiem tiks dal\u012btas ar\u012b Eiropas \u010dempion\u0101ta godalgas. Febru\u0101ra s\u0101kum\u0101 sportisti start\u0113s Mil\u0101nas un Kort\u012bnas olimpiskaj\u0101s sp\u0113l\u0113s, kam sekos v\u0113l divi Pasaules kausa posmi.<\/p>\n","protected":false},"excerpt":{"rendered":"Pasaules kausa izc\u012b\u0146as piekt\u0101 posma starts V\u0101cij\u0101 Latvijas lab\u0101kie kamani\u0146u brauc\u0113ji sestdien, 10. janv\u0101r\u012b, Vinterbergas tras\u0113 V\u0101cij\u0101 uzs\u0101ka&hellip;\n","protected":false},"author":2,"featured_media":103617,"comment_status":"","ping_status":"","sticky":false,"template":"","format":"standard","meta":{"footnotes":""},"categories":[17],"tags":[10482,35,39,38,36,37,34,40,2560,67,17763,620],"class_list":{"0":"post-103640","1":"post","2":"type-post","3":"status-publish","4":"format-standard","5":"has-post-thumbnail","7":"category-sports","8":"tag-kamaninu-sports","9":"tag-latvia","10":"tag-latvian","11":"tag-latviesu","12":"tag-latviesu-valoda","13":"tag-latviesuvaloda","14":"tag-latvija","15":"tag-lv","16":"tag-pasaules-kauss","17":"tag-sports","18":"tag-vinterberga","19":"tag-ziemas-sports"},"share_on_mastodon":{"url":"https:\/\/pubeurope.com\/@lv\/115890145341725579","error":""},"_links":{"self":[{"href":"https:\/\/www.europesays.com\/lv\/wp-json\/wp\/v2\/posts\/103640","targetHints":{"allow":["GET"]}}],"collection":[{"href":"https:\/\/www.europesays.com\/lv\/wp-json\/wp\/v2\/posts"}],"about":[{"href":"https:\/\/www.europesays.com\/lv\/wp-json\/wp\/v2\/types\/post"}],"author":[{"embeddable":true,"href":"https:\/\/www.europesays.com\/lv\/wp-json\/wp\/v2\/users\/2"}],"replies":[{"embeddable":true,"href":"https:\/\/www.europesays.com\/lv\/wp-json\/wp\/v2\/comments?post=103640"}],"version-history":[{"count":0,"href":"https:\/\/www.europesays.com\/lv\/wp-json\/wp\/v2\/posts\/103640\/revisions"}],"wp:featuredmedia":[{"embeddable":true,"href":"https:\/\/www.europesays.com\/lv\/wp-json\/wp\/v2\/media\/103617"}],"wp:attachment":[{"href":"https:\/\/www.europesays.com\/lv\/wp-json\/wp\/v2\/media?parent=103640"}],"wp:term":[{"taxonomy":"category","embeddable":true,"href":"https:\/\/www.europesays.com\/lv\/wp-json\/wp\/v2\/categories?post=103640"},{"taxonomy":"post_tag","embeddable":true,"href":"https:\/\/www.europesays.com\/lv\/wp-json\/wp\/v2\/tags?post=103640"}],"curies":[{"name":"wp","href":"https:\/\/api.w.org\/{rel}","templated":true}]}}