{"id":103645,"date":"2026-01-13T22:31:15","date_gmt":"2026-01-13T22:31:15","guid":{"rendered":"https:\/\/www.europesays.com\/lv\/103645\/"},"modified":"2026-01-13T22:31:15","modified_gmt":"2026-01-13T22:31:15","slug":"operas-arija-lika-parprogrammet-kermeni-reperis-rolands-ce-par-izaicinajumu-tv-sova","status":"publish","type":"post","link":"https:\/\/www.europesays.com\/lv\/103645\/","title":{"rendered":"&#8220;Operas \u0101rija lika p\u0101rprogramm\u0113t \u0137ermeni,&#8221; \u2013 reperis Rolands \u010ce par izaicin\u0101jumu TV \u0161ov\u0101"},"content":{"rendered":"<p>M\u016bzi\u0137is atz\u012bst, ka piekritis dal\u012bbai projekt\u0101, lai izaicin\u0101tu sevi un izk\u0101ptu no ierast\u0101s komforta zonas, ta\u010du gatavo\u0161an\u0101s pras\u012bjusi milzu koncentr\u0113\u0161anos. Visgr\u016bt\u0101kais uzdevums bijis sagatavot priek\u0161nesumu operas \u017eanr\u0101, izpildot le\u0123end\u0101ro it\u0101\u013cu ska\u0146darbu &#8220;O sole mio&#8221;, kas reperim bijusi piln\u012bgi jauna pasaule.<\/p>\n<blockquote class=\"quote ck-widget\" contenteditable=\"false\">\n<p>&#8220;Kad izpild\u012bju dziesmu &#8220;O sole mio&#8221;, vajadz\u0113ja \u013coti koncentr\u0113ties, bija j\u0101p\u0101rprogramm\u0113 piln\u012bgi viss \u0137ermenis.&#8221;<\/p>\n<\/blockquote>\n<p>Reperis nor\u0101da, ka p\u0113d\u0113jos m\u0113ne\u0161os juties k\u0101 \u017eonglieris, kuram j\u0101sp\u0113j notvert visas bumbi\u0146as vienlaikus, tom\u0113r tie\u0161i \u0161\u0101das gr\u016bt\u012bbas pal\u012bdz\u0113ju\u0161as progres\u0113t.<\/p>\n<p>Vi\u0146\u0161 uzskata, ka skat\u012bt\u0101jus uzrun\u0101 tie\u0161i kontrasts un uzdr\u012bkst\u0113\u0161an\u0101s dar\u012bt to, kas nav m\u0101kslinieka ikdienas amplu\u0101.<\/p>\n<p>Visu interviju ar Rolandu \u010ce lasiet \u017eurn\u0101la &#8220;Priv\u0101t\u0101 Dz\u012bve&#8221; 13. janv\u0101ra numur\u0101!<\/p>\n","protected":false},"excerpt":{"rendered":"M\u016bzi\u0137is atz\u012bst, ka piekritis dal\u012bbai projekt\u0101, lai izaicin\u0101tu sevi un izk\u0101ptu no ierast\u0101s komforta zonas, ta\u010du gatavo\u0161an\u0101s pras\u012bjusi&hellip;\n","protected":false},"author":2,"featured_media":103646,"comment_status":"","ping_status":"","sticky":false,"template":"","format":"standard","meta":{"footnotes":""},"categories":[19],"tags":[10209,89,90,35,39,38,36,37,34,1429,40,10556],"class_list":{"0":"post-103645","1":"post","2":"type-post","3":"status-publish","4":"format-standard","5":"has-post-thumbnail","7":"category-izklaide","8":"tag-pardziedi-mani","9":"tag-entertainment","10":"tag-izklaide","11":"tag-latvia","12":"tag-latvian","13":"tag-latviesu","14":"tag-latviesu-valoda","15":"tag-latviesuvaloda","16":"tag-latvija","17":"tag-latvijas-zurnali","18":"tag-lv","19":"tag-rolands-ce"},"share_on_mastodon":{"url":"https:\/\/pubeurope.com\/@lv\/115890165091638051","error":""},"_links":{"self":[{"href":"https:\/\/www.europesays.com\/lv\/wp-json\/wp\/v2\/posts\/103645","targetHints":{"allow":["GET"]}}],"collection":[{"href":"https:\/\/www.europesays.com\/lv\/wp-json\/wp\/v2\/posts"}],"about":[{"href":"https:\/\/www.europesays.com\/lv\/wp-json\/wp\/v2\/types\/post"}],"author":[{"embeddable":true,"href":"https:\/\/www.europesays.com\/lv\/wp-json\/wp\/v2\/users\/2"}],"replies":[{"embeddable":true,"href":"https:\/\/www.europesays.com\/lv\/wp-json\/wp\/v2\/comments?post=103645"}],"version-history":[{"count":0,"href":"https:\/\/www.europesays.com\/lv\/wp-json\/wp\/v2\/posts\/103645\/revisions"}],"wp:featuredmedia":[{"embeddable":true,"href":"https:\/\/www.europesays.com\/lv\/wp-json\/wp\/v2\/media\/103646"}],"wp:attachment":[{"href":"https:\/\/www.europesays.com\/lv\/wp-json\/wp\/v2\/media?parent=103645"}],"wp:term":[{"taxonomy":"category","embeddable":true,"href":"https:\/\/www.europesays.com\/lv\/wp-json\/wp\/v2\/categories?post=103645"},{"taxonomy":"post_tag","embeddable":true,"href":"https:\/\/www.europesays.com\/lv\/wp-json\/wp\/v2\/tags?post=103645"}],"curies":[{"name":"wp","href":"https:\/\/api.w.org\/{rel}","templated":true}]}}