{"id":103654,"date":"2026-01-13T22:43:19","date_gmt":"2026-01-13T22:43:19","guid":{"rendered":"https:\/\/www.europesays.com\/lv\/103654\/"},"modified":"2026-01-13T22:43:19","modified_gmt":"2026-01-13T22:43:19","slug":"2026-gada-janvaris-veiksmes-zime-kuram-zodiaka-zimem-paversies-jaunas-iespejas","status":"publish","type":"post","link":"https:\/\/www.europesays.com\/lv\/103654\/","title":{"rendered":"2026. gada janv\u0101ris veiksmes z\u012bm\u0113: kur\u0101m zodiaka z\u012bm\u0113m pav\u0113rsies jaunas iesp\u0113jas"},"content":{"rendered":"<p>\n                                Zemes z\u012bmes: notur\u012bgs pamats un taust\u0101mi rezult\u0101ti<\/p>\n<p>Janv\u0101ra pirm\u0101s divas dek\u0101des veidojas maksim\u0101li labv\u0113l\u012bgas V\u0113rsim, Jaunavai un Me\u017e\u0101zim. Vi\u0146u dabisk\u0101 praktisk\u0101 pieeja, paciet\u012bba un prasme pabeigt darbus sakr\u012bt ar kop\u0113jo m\u0113ne\u0161a ener\u0123\u0113tisko fonu.<\/p>\n<p>Iepriek\u0161 ieguld\u012btie p\u016bli\u0146i s\u0101k nest re\u0101lus aug\u013cus. Apst\u0101k\u013ci veidojas t\u0101, ka svar\u012bgus l\u0113mumus pie\u0146emt k\u013c\u016bst viegl\u0101k, un iesp\u0113jas par\u0101d\u0101s laik\u0101. Finans\u0113s rodas liel\u0101ka skaidr\u012bba, darb\u0101 \u2014 uzdevumi, kas ved uz izaugsmi, bet personiskaj\u0101s attiec\u012bb\u0101s \u2014 stabilit\u0101te un savstarp\u0113js atbalsts.<\/p>\n<p>V\u0113rsis<\/p>\n<p>Nauda n\u0101k bez kav\u0113\u0161an\u0101s, iesp\u0113jami papildu ien\u0101kumi. Darbos j\u016btama p\u0101rliec\u012bba, attiec\u012bb\u0101s \u2014 uzticam\u012bba. Tre\u0161aj\u0101 dek\u0101d\u0113 uzman\u012bba p\u0101rvietojas uz jaun\u0101m idej\u0101m un projektiem, ta\u010du b\u0101ze, kas ielikta m\u0113ne\u0161a s\u0101kum\u0101, paliek notur\u012bga.<\/p>\n<p>Jaunava<\/p>\n<p>Janv\u0101ris s\u0101kas ar skaidru izpratni, kas darbojas un ko laiks atst\u0101t pag\u0101tn\u0113. J\u016bsu idejas sa\u0146em atsauc\u012bbu, bet l\u0113mumi izr\u0101d\u0101s prec\u012bzi. M\u0113ne\u0161a beig\u0101s par\u0101d\u0101s vair\u0101k dinamikas, jaunu kontaktu un virzienu, kas prasa elast\u012bbu.<\/p>\n<p>Me\u017e\u0101zis<\/p>\n<p>Pirm\u0101s divas dek\u0101des ir atz\u012b\u0161anas un virz\u012bbas uz priek\u0161u periods. Projekti att\u012bst\u0101s, cilv\u0113ki n\u0101k pret\u012b, un atbild\u012bba nes pien\u0101c\u012bgu atdevi. Tre\u0161aj\u0101 dek\u0101d\u0113 uzsvars p\u0101riet uz materi\u0101lajiem jaut\u0101jumiem un jauniem ien\u0101kumu avotiem.<\/p>\n<p>Gaisa z\u012bmes: idejas, sakari un notikumu pa\u0101trin\u0101\u0161an\u0101s<\/p>\n<p>Janv\u0101ra tre\u0161\u0101 dek\u0101de aktiviz\u0113 Dv\u012b\u0146us, Svarus un \u016adensv\u012brus. Apk\u0101rt\u0113j\u0101 telpa it k\u0101 atdz\u012bvojas: par\u0101d\u0101s pied\u0101v\u0101jumi, pieaug interese no apk\u0101rt\u0113jiem, notikumi norisin\u0101s \u0101tr\u0101k.<\/p>\n<p>\u0160\u012bm z\u012bm\u0113m svar\u012bgi negaid\u012bt, bet r\u012bkoties. Vi\u0146u stipr\u0101s puses \u2014 elast\u012bba, dom\u0101\u0161anas \u0101trums un sp\u0113ja redz\u0113t nestandarta risin\u0101jumus \u2014 k\u013c\u016bst par atsl\u0113gu uz pan\u0101kumiem. Attiec\u012bb\u0101s par\u0101d\u0101s vieglums, bet finans\u0113s \u2014 perspekt\u012bvas, saist\u012btas ar komunik\u0101cij\u0101m, tehnolo\u0123ij\u0101m un rado\u0161umu.<\/p>\n<p>\u016adensv\u012brs<\/p>\n<p>M\u0113ne\u0161a beig\u0101s janv\u0101ris p\u0101rv\u0113r\u0161as par \u012bstu startu. Pastiprin\u0101s atjauno\u0161an\u0101s pl\u016bsma, pieaug pievilk\u0161an\u0101s personiskaj\u0101s un profesion\u0101laj\u0101s attiec\u012bb\u0101s. Zin\u0101\u0161anas, tehnolo\u0123ijas un komunik\u0101cija var k\u013c\u016bt par ien\u0101kumu avotu, ja neatliksiet iniciat\u012bvu.<\/p>\n<p>Dv\u012b\u0146i<\/p>\n<p>Pasaule s\u0101k akt\u012bvi atsaukties uz j\u016bsu idej\u0101m. Jauni kontakti, pied\u0101v\u0101jumi un projekti prasa \u0101trumu un elast\u012bbu \u2014 tie\u0161i to, kas jums izdodas vislab\u0101k. Tas ir piem\u0113rots laiks strat\u0113\u0123ijas mai\u0146ai un p\u0101rejai uz jaunu l\u012bmeni.<\/p>\n<p>Svari<\/p>\n<p>Tre\u0161\u0101 dek\u0101de nes iedvesmu un kust\u012bbu. Pastiprin\u0101s rado\u0161ais gars, par\u0101d\u0101s interesanti projekti un perspekt\u012bvas. Diplom\u0101tiskums un sp\u0113ja atrast l\u012bdzsvaru pal\u012bdz non\u0101kt \u012bstaj\u0101 laik\u0101 \u012bstaj\u0101 viet\u0101.<\/p>\n<ol start=\"2026\">\n<li>gada janv\u0101ris r\u0101da: veiksme n\u0101k pie tiem, kas gatavi izmantot savas stipr\u0101s puses un nebaid\u0101s spert soli uz priek\u0161u, kad paveras iesp\u0113jas.<\/li>\n<\/ol>\n<p><a href=\"https:\/\/tsn.ua\/ru\/lady\/astrologiya\/novye-vozmozhnosti-i-podderzhka-vselennoy-shest-znakov-kotorym-povezet-v-yanvare-2026-goda-2987084.html\" rel=\"nofollow noopener\" target=\"_blank\">avots<\/a><\/p>\n","protected":false},"excerpt":{"rendered":"Zemes z\u012bmes: notur\u012bgs pamats un taust\u0101mi rezult\u0101ti Janv\u0101ra pirm\u0101s divas dek\u0101des veidojas maksim\u0101li labv\u0113l\u012bgas V\u0113rsim, Jaunavai un Me\u017e\u0101zim.&hellip;\n","protected":false},"author":2,"featured_media":103655,"comment_status":"","ping_status":"","sticky":false,"template":"","format":"standard","meta":{"footnotes":""},"categories":[19],"tags":[89,90,35,39,38,36,37,34,40],"class_list":{"0":"post-103654","1":"post","2":"type-post","3":"status-publish","4":"format-standard","5":"has-post-thumbnail","7":"category-izklaide","8":"tag-entertainment","9":"tag-izklaide","10":"tag-latvia","11":"tag-latvian","12":"tag-latviesu","13":"tag-latviesu-valoda","14":"tag-latviesuvaloda","15":"tag-latvija","16":"tag-lv"},"share_on_mastodon":{"url":"https:\/\/pubeurope.com\/@lv\/115890212229841945","error":""},"_links":{"self":[{"href":"https:\/\/www.europesays.com\/lv\/wp-json\/wp\/v2\/posts\/103654","targetHints":{"allow":["GET"]}}],"collection":[{"href":"https:\/\/www.europesays.com\/lv\/wp-json\/wp\/v2\/posts"}],"about":[{"href":"https:\/\/www.europesays.com\/lv\/wp-json\/wp\/v2\/types\/post"}],"author":[{"embeddable":true,"href":"https:\/\/www.europesays.com\/lv\/wp-json\/wp\/v2\/users\/2"}],"replies":[{"embeddable":true,"href":"https:\/\/www.europesays.com\/lv\/wp-json\/wp\/v2\/comments?post=103654"}],"version-history":[{"count":0,"href":"https:\/\/www.europesays.com\/lv\/wp-json\/wp\/v2\/posts\/103654\/revisions"}],"wp:featuredmedia":[{"embeddable":true,"href":"https:\/\/www.europesays.com\/lv\/wp-json\/wp\/v2\/media\/103655"}],"wp:attachment":[{"href":"https:\/\/www.europesays.com\/lv\/wp-json\/wp\/v2\/media?parent=103654"}],"wp:term":[{"taxonomy":"category","embeddable":true,"href":"https:\/\/www.europesays.com\/lv\/wp-json\/wp\/v2\/categories?post=103654"},{"taxonomy":"post_tag","embeddable":true,"href":"https:\/\/www.europesays.com\/lv\/wp-json\/wp\/v2\/tags?post=103654"}],"curies":[{"name":"wp","href":"https:\/\/api.w.org\/{rel}","templated":true}]}}