{"id":103656,"date":"2026-01-13T22:48:08","date_gmt":"2026-01-13T22:48:08","guid":{"rendered":"https:\/\/www.europesays.com\/lv\/103656\/"},"modified":"2026-01-13T22:48:08","modified_gmt":"2026-01-13T22:48:08","slug":"vecums-nav-spriedums-5-pazimes-kas-liecina-ka-jus-novecojat-loti-veiksmigi","status":"publish","type":"post","link":"https:\/\/www.europesays.com\/lv\/103656\/","title":{"rendered":"Vecums nav spriedums: 5 paz\u012bmes, kas liecina, ka j\u016bs novecojat \u013coti veiksm\u012bgi"},"content":{"rendered":"<p>    <img decoding=\"async\" src=\"https:\/\/www.europesays.com\/lv\/wp-content\/uploads\/2026\/01\/FotoJet-5-1024x683.jpg\" alt=\"&#10;\"\/><\/p>\n<p>pexels.com\n<\/p>\n<p>21:09, 13. janv\u0101ris 2026<\/p>\n<p>Vesel\u012bgu noveco\u0161anu nosaka ne tikai nodz\u012bvoto gadu skaits, bet ar\u012b dz\u012bves kvalit\u0101te. K\u0101 m\u0113dz teikt, kvalit\u0101te ir svar\u012bg\u0101ka par kvantit\u0101ti. Eksperti uzsver, ka veiksm\u012bga noveco\u0161ana nav c\u012b\u0146a ar laiku, bet gan sp\u0113ja to pie\u0146emt un dz\u012bvot ar vitalit\u0101ti, iek\u0161\u0113jo l\u012bdzsvaru un sevis pie\u0146em\u0161anu. Neviens no mums nezina, cik ilgi dz\u012bvos, ta\u010du ir da\u017eas svar\u012bgas, tom\u0113r smalkas nor\u0101des, kas liecina, vai virz\u0101mies pareizaj\u0101 virzien\u0101.<\/p>\n<p>        Las\u012bt\u0101kie<br \/>\n        <a data-imagesrc=\"{&quot;300&quot;:&quot;https:\\\/\\\/lastatic.ams3.cdn.digitaloceanspaces.com\\\/2017\\\/10\\\/Pauls2_TS_4-300x264.jpg&quot;,&quot;768&quot;:&quot;https:\\\/\\\/lastatic.ams3.cdn.digitaloceanspaces.com\\\/2017\\\/10\\\/Pauls2_TS_4-768x676.jpg&quot;,&quot;80&quot;:&quot;https:\\\/\\\/lastatic.ams3.cdn.digitaloceanspaces.com\\\/2017\\\/10\\\/Pauls2_TS_4-80x48.jpg&quot;,&quot;112&quot;:&quot;https:\\\/\\\/lastatic.ams3.cdn.digitaloceanspaces.com\\\/2017\\\/10\\\/Pauls2_TS_4-112x64.jpg&quot;,&quot;664&quot;:&quot;https:\\\/\\\/lastatic.ams3.cdn.digitaloceanspaces.com\\\/2017\\\/10\\\/Pauls2_TS_4-664x584.jpg&quot;,&quot;182&quot;:&quot;https:\\\/\\\/lastatic.ams3.cdn.digitaloceanspaces.com\\\/2017\\\/10\\\/Pauls2_TS_4-182x160.jpg&quot;,&quot;263&quot;:&quot;https:\\\/\\\/lastatic.ams3.cdn.digitaloceanspaces.com\\\/2017\\\/10\\\/Pauls2_TS_4-263x231.jpg&quot;,&quot;384&quot;:&quot;https:\\\/\\\/lastatic.ams3.cdn.digitaloceanspaces.com\\\/2017\\\/10\\\/Pauls2_TS_4-384x338.jpg&quot;,&quot;118&quot;:&quot;https:\\\/\\\/lastatic.ams3.cdn.digitaloceanspaces.com\\\/2017\\\/10\\\/Pauls2_TS_4-118x70.jpg&quot;,&quot;348&quot;:&quot;https:\\\/\\\/lastatic.ams3.cdn.digitaloceanspaces.com\\\/2017\\\/10\\\/Pauls2_TS_4-348x225.jpg&quot;,&quot;640&quot;:&quot;https:\\\/\\\/lastatic.ams3.cdn.digitaloceanspaces.com\\\/2017\\\/10\\\/Pauls2_TS_4-640x640.jpg&quot;,&quot;90&quot;:&quot;https:\\\/\\\/lastatic.ams3.cdn.digitaloceanspaces.com\\\/2017\\\/10\\\/Pauls2_TS_4-90x58.jpg&quot;,&quot;1000&quot;:&quot;https:\\\/\\\/lastatic.ams3.cdn.digitaloceanspaces.com\\\/2017\\\/10\\\/Pauls2_TS_4.jpg&quot;}\" data-focuspoint=\"&quot;&quot;\" data-p=\"2492257\" href=\"https:\/\/www.la.lv\/slapjs-uzvalka-bailes-no-porzinga-un-brauciens-uz-krematoriju-raimonda-paula-joku-izlase-kas-sasmidina-lidz-asaram\" class=\"content-item lazy-load\" wp_automatic_readability=\"27.5\" rel=\"nofollow noopener\" target=\"_blank\"><\/p>\n<p>                                <img decoding=\"async\" src=\"\" alt=\"\" style=\"\" data-imageid=\"\"\/><\/p>\n<p>                                Kokteilis<\/p>\n<p>\n                                                Slapj\u0161 uzvalk\u0101, bailes no Porzi\u0146\u0123a un brauciens uz krematoriju \u2013 Raimonda Paula joku izlase, kas sasm\u012bdina l\u012bdz asar\u0101m<\/p>\n<p><\/a><a data-imagesrc=\"{&quot;300&quot;:&quot;https:\\\/\\\/lastatic.ams3.cdn.digitaloceanspaces.com\\\/2025\\\/11\\\/pexels-ketut-subiyanto-4246061-300x200.jpg&quot;,&quot;1024&quot;:&quot;https:\\\/\\\/lastatic.ams3.cdn.digitaloceanspaces.com\\\/2025\\\/11\\\/pexels-ketut-subiyanto-4246061-1024x683.jpg&quot;,&quot;1536&quot;:&quot;https:\\\/\\\/lastatic.ams3.cdn.digitaloceanspaces.com\\\/2025\\\/11\\\/pexels-ketut-subiyanto-4246061-1536x1024.jpg&quot;,&quot;500&quot;:&quot;https:\\\/\\\/lastatic.ams3.cdn.digitaloceanspaces.com\\\/2025\\\/11\\\/pexels-ketut-subiyanto-4246061-500x333.jpg&quot;,&quot;800&quot;:&quot;https:\\\/\\\/lastatic.ams3.cdn.digitaloceanspaces.com\\\/2025\\\/11\\\/pexels-ketut-subiyanto-4246061-800x533.jpg&quot;,&quot;2560&quot;:&quot;https:\\\/\\\/lastatic.ams3.cdn.digitaloceanspaces.com\\\/2025\\\/11\\\/pexels-ketut-subiyanto-4246061-scaled.jpg&quot;}\" data-focuspoint=\"&quot;&quot;\" data-p=\"2492892\" href=\"https:\/\/www.la.lv\/ja-tavs-vards-sakas-ar-vienu-no-siem-pieciem-burtiem-tev-ir-paveicies\" class=\"content-item lazy-load\" wp_automatic_readability=\"26.5\" rel=\"nofollow noopener\" target=\"_blank\"><\/p>\n<p>                                <img decoding=\"async\" src=\"\" alt=\"\" style=\"\" data-imageid=\"\"\/><\/p>\n<p>\n                                                Ja tavs v\u0101rds s\u0101kas ar vienu no \u0161iem pieciem burtiem, tev ir paveicies\n                            <\/p>\n<p><\/a><a data-imagesrc=\"{&quot;300&quot;:&quot;https:\\\/\\\/lastatic.ams3.cdn.digitaloceanspaces.com\\\/2026\\\/01\\\/pexels-cottonbro-9654725-300x200.jpg&quot;,&quot;1024&quot;:&quot;https:\\\/\\\/lastatic.ams3.cdn.digitaloceanspaces.com\\\/2026\\\/01\\\/pexels-cottonbro-9654725-1024x683.jpg&quot;,&quot;1536&quot;:&quot;https:\\\/\\\/lastatic.ams3.cdn.digitaloceanspaces.com\\\/2026\\\/01\\\/pexels-cottonbro-9654725-1536x1024.jpg&quot;,&quot;500&quot;:&quot;https:\\\/\\\/lastatic.ams3.cdn.digitaloceanspaces.com\\\/2026\\\/01\\\/pexels-cottonbro-9654725-500x333.jpg&quot;,&quot;800&quot;:&quot;https:\\\/\\\/lastatic.ams3.cdn.digitaloceanspaces.com\\\/2026\\\/01\\\/pexels-cottonbro-9654725-800x533.jpg&quot;,&quot;2560&quot;:&quot;https:\\\/\\\/lastatic.ams3.cdn.digitaloceanspaces.com\\\/2026\\\/01\\\/pexels-cottonbro-9654725-scaled.jpg&quot;}\" data-focuspoint=\"&quot;&quot;\" data-p=\"2488952\" href=\"https:\/\/www.la.lv\/astrologi-sarindojusi-zodiaka-zimes-pec-prata-spejam-pirmo-vietu-aiznem-dvini-bet-pedejo\" class=\"content-item lazy-load\" wp_automatic_readability=\"27\" rel=\"nofollow noopener\" target=\"_blank\"><\/p>\n<p>                                <img decoding=\"async\" src=\"\" alt=\"\" style=\"\" data-imageid=\"\"\/><\/p>\n<p>                                Kokteilis<\/p>\n<p>\n                                                Astrologi sarindoju\u0161i zodiaka z\u012bmes p\u0113c pr\u0101ta sp\u0113j\u0101m: pirmo vietu aiz\u0146em Dv\u012b\u0146i, bet p\u0113d\u0113jo\u2026\n                            <\/p>\n<p><\/a><br \/>\n        <a class=\"read-more\" href=\"https:\/\/www.la.lv\/top\" rel=\"nofollow noopener\" target=\"_blank\">Las\u012bt citas zi\u0146as<\/a><\/p>\n<p>Ilgm\u016b\u017e\u012bbas eksperti nosauku\u0161i piecas zin\u0101tniski pamatotas paz\u012bmes, kas liecina, ka novecojat labi.<\/p>\n<p>\u201cVesel\u012bgu noveco\u0161anu var izm\u0113r\u012bt tik daudzos da\u017e\u0101dos veidos, bet t\u0101s pamat\u0101 ir sevis pilnveido\u0161ana ar sp\u0113ku un ap\u0146\u0113m\u012bbu,\u201d saka Dr. Mihaela Robinsa, ilgm\u016b\u017e\u012bbas eksperte. <\/p>\n<p>K\u0101 izskat\u0101s vesel\u012bga noveco\u0161ana?<\/p>\n<p>    CITI \u0160OBR\u012aD LASA<\/p>\n<p>Sertific\u0113ta neatliekam\u0101s medic\u012bnisk\u0101s pal\u012bdz\u012bbas \u0101rste un ilgm\u016b\u017e\u012bbas eksperte Dr. Krist\u012bna Del Toro Badesa uzsver, ka vesel\u012bgu noveco\u0161anu bie\u017ei var paman\u012bt jau cilv\u0113ka attieksm\u0113 un ener\u0123ij\u0101.<\/p>\n<p>\u201c\u0160\u0101di cilv\u0113ki sp\u0113j baud\u012bt ikdienas aktivit\u0101tes, saglab\u0101 zin\u0101tk\u0101ri, v\u0113lmi m\u0101c\u012bties un optimistisku skat\u012bjumu uz n\u0101kotni,\u201d vi\u0146a uzsv\u0113ra. \u201cTas izpau\u017eas apzin\u0101t\u0101 uztur\u0101, regul\u0101r\u0101s fizisk\u0101s aktivit\u0101t\u0113s, kvalitat\u012bv\u0101 mieg\u0101, hormon\u0101l\u0101 l\u012bdzsvar\u0101, stresa p\u0101rvald\u012bb\u0101 un vesel\u012bg\u0101s attiec\u012bb\u0101s.\u201d <\/p>\n<p>Eksperte ar\u012b nor\u0101da, ka \u0123en\u0113tika nosaka tikai nelielu da\u013cu no t\u0101, k\u0101 m\u0113s novecojam. P\u0113t\u012bjumi liecina, ka g\u0113ni ietekm\u0113 aptuveni 20\u201330% noveco\u0161an\u0101s procesa, savuk\u0101rt p\u0101r\u0113jo nosaka dz\u012bvesveids un vide \u2013 uzturs, kust\u012bbas, miegs, stresa l\u012bmenis un kait\u012bgie ieradumi. \u0160eit b\u016btiska loma ir epi\u0123en\u0113tikai \u2013 tam, k\u0101 m\u016bsu uzved\u012bba ietekm\u0113 g\u0113nu darb\u012bbu.<\/p>\n<p>Turpin\u0101jum\u0101 5 paz\u012bmes, ka j\u016bs novecojat labi<\/p>\n<p>T\u0113mas<\/p>\n<p>    SAIST\u012aTIE RAKSTI<\/p>\n","protected":false},"excerpt":{"rendered":"pexels.com 21:09, 13. janv\u0101ris 2026 Vesel\u012bgu noveco\u0161anu nosaka ne tikai nodz\u012bvoto gadu skaits, bet ar\u012b dz\u012bves kvalit\u0101te. K\u0101&hellip;\n","protected":false},"author":2,"featured_media":103657,"comment_status":"","ping_status":"","sticky":false,"template":"","format":"standard","meta":{"footnotes":""},"categories":[5],"tags":[23,28,29,32,33,22,30,31,35,39,38,36,37,34,40,20,26,27,24,25,21],"class_list":{"0":"post-103656","1":"post","2":"type-post","3":"status-publish","4":"format-standard","5":"has-post-thumbnail","7":"category-aktualitates","8":"tag-aktualitates","9":"tag-breaking-news","10":"tag-breakingnews","11":"tag-featured-news","12":"tag-featurednews","13":"tag-headlines","14":"tag-latest-news","15":"tag-latestnews","16":"tag-latvia","17":"tag-latvian","18":"tag-latviesu","19":"tag-latviesu-valoda","20":"tag-latviesuvaloda","21":"tag-latvija","22":"tag-lv","23":"tag-news","24":"tag-popularakas-zinas","25":"tag-popularakaszinas","26":"tag-top-stories","27":"tag-topstories","28":"tag-zinas"},"share_on_mastodon":{"url":"https:\/\/pubeurope.com\/@lv\/115890231921199401","error":""},"_links":{"self":[{"href":"https:\/\/www.europesays.com\/lv\/wp-json\/wp\/v2\/posts\/103656","targetHints":{"allow":["GET"]}}],"collection":[{"href":"https:\/\/www.europesays.com\/lv\/wp-json\/wp\/v2\/posts"}],"about":[{"href":"https:\/\/www.europesays.com\/lv\/wp-json\/wp\/v2\/types\/post"}],"author":[{"embeddable":true,"href":"https:\/\/www.europesays.com\/lv\/wp-json\/wp\/v2\/users\/2"}],"replies":[{"embeddable":true,"href":"https:\/\/www.europesays.com\/lv\/wp-json\/wp\/v2\/comments?post=103656"}],"version-history":[{"count":0,"href":"https:\/\/www.europesays.com\/lv\/wp-json\/wp\/v2\/posts\/103656\/revisions"}],"wp:featuredmedia":[{"embeddable":true,"href":"https:\/\/www.europesays.com\/lv\/wp-json\/wp\/v2\/media\/103657"}],"wp:attachment":[{"href":"https:\/\/www.europesays.com\/lv\/wp-json\/wp\/v2\/media?parent=103656"}],"wp:term":[{"taxonomy":"category","embeddable":true,"href":"https:\/\/www.europesays.com\/lv\/wp-json\/wp\/v2\/categories?post=103656"},{"taxonomy":"post_tag","embeddable":true,"href":"https:\/\/www.europesays.com\/lv\/wp-json\/wp\/v2\/tags?post=103656"}],"curies":[{"name":"wp","href":"https:\/\/api.w.org\/{rel}","templated":true}]}}