{"id":103658,"date":"2026-01-13T22:56:07","date_gmt":"2026-01-13T22:56:07","guid":{"rendered":"https:\/\/www.europesays.com\/lv\/103658\/"},"modified":"2026-01-13T22:56:07","modified_gmt":"2026-01-13T22:56:07","slug":"austrijas-klubs-pienem-lemumu-skirties-no-artura-kuldas-hokejs-sportacentrs-com","status":"publish","type":"post","link":"https:\/\/www.europesays.com\/lv\/103658\/","title":{"rendered":"Austrijas klubs pie\u0146em l\u0113mumu \u0161\u0137irties no Art\u016bra Kuldas \u2013 Hokejs \u2013 Sportacentrs.com"},"content":{"rendered":"<p>Art\u016brs Kulda &#8220;Villacher SV&#8221; p\u0101rst\u0101v\u0113ja no 2022. l\u012bdz 2024. gadam, p\u0113c div\u0101m Austrij\u0101 pavad\u012bt\u0101m sezon\u0101m dodoties uz Slov\u0101kijas Ekstral\u012bgu. \u0160\u012bs sezonas ievad\u0101 vi\u0146\u0161 atgriez\u0101s. Kulda 22 sp\u0113l\u0113s guva vienus v\u0101rtus un sakr\u0101ja septi\u0146us punktus, k\u0101 ar\u012b +6 lietder\u012bbas koeficientu, bet janv\u0101ra vid\u016b ce\u013ci \u0161\u0137\u012bru\u0161ies.<\/p>\n<p>&#8220;Art\u016brs mums pievienoj\u0101s oktobra beig\u0101s, kad mums bija \u0137ibeles ar savainojumiem. Vi\u0146\u0161 komandai \u013coti pal\u012bdz\u0113ja. Par laimi situ\u0101cija ir k\u013cuvusi lab\u0101ka. Mums ir jaunie aizsargi, kuri b\u016bs svar\u012bga da\u013ca no komandas t\u0101l\u0101k\u0101 pl\u0101na. M\u016bsu m\u0113r\u0137is ir vi\u0146iem dot liel\u0101ku sp\u0113les laiku sezonas atliku\u0161ajos ma\u010dos,&#8221; l\u0113mumu \u0161\u0137irties no Kuldas, lai atbr\u012bvotu vietu citiem, skaidroja kluba direktors Martins Vinklers.<\/p>\n<p>Kulda p\u0101rst\u0101v\u0113jis Latviju asto\u0146os pasaules \u010dempion\u0101tos (p\u0113d\u0113jais \u2013 2022. gad\u0101 Tamper\u0113), k\u0101 ar\u012b 2014. un 2022. gada olimpiskaj\u0101s sp\u0113l\u0113s. Aizsargs aizvad\u012bjis 15 ma\u010dus Nacion\u0101laj\u0101 hokeja l\u012bg\u0101.<\/p>\n<p>Izmantotie resursi:<br \/><a target=\"_blank\" href=\"https:\/\/www.ecvsv.at\/ec-idm-waermepumpen-vsv-und-arturs-kulda-loesen-vertrag-einvernehmlich-auf-julian-raspotnig-verlaengert-seinen-vertrag-um-zwei-jahre\/\" rel=\"nofollow noopener\">https:\/\/www.ecvsv.at\/ec-idm-waermep&#8230;<\/a><\/p>\n","protected":false},"excerpt":{"rendered":"Art\u016brs Kulda &#8220;Villacher SV&#8221; p\u0101rst\u0101v\u0113ja no 2022. l\u012bdz 2024. gadam, p\u0113c div\u0101m Austrij\u0101 pavad\u012bt\u0101m sezon\u0101m dodoties uz Slov\u0101kijas&hellip;\n","protected":false},"author":2,"featured_media":103659,"comment_status":"","ping_status":"","sticky":false,"template":"","format":"standard","meta":{"footnotes":""},"categories":[17],"tags":[394,35,39,38,36,37,34,40,67],"class_list":{"0":"post-103658","1":"post","2":"type-post","3":"status-publish","4":"format-standard","5":"has-post-thumbnail","7":"category-sports","8":"tag-hokejs","9":"tag-latvia","10":"tag-latvian","11":"tag-latviesu","12":"tag-latviesu-valoda","13":"tag-latviesuvaloda","14":"tag-latvija","15":"tag-lv","16":"tag-sports"},"share_on_mastodon":{"url":"https:\/\/pubeurope.com\/@lv\/115890263310400247","error":""},"_links":{"self":[{"href":"https:\/\/www.europesays.com\/lv\/wp-json\/wp\/v2\/posts\/103658","targetHints":{"allow":["GET"]}}],"collection":[{"href":"https:\/\/www.europesays.com\/lv\/wp-json\/wp\/v2\/posts"}],"about":[{"href":"https:\/\/www.europesays.com\/lv\/wp-json\/wp\/v2\/types\/post"}],"author":[{"embeddable":true,"href":"https:\/\/www.europesays.com\/lv\/wp-json\/wp\/v2\/users\/2"}],"replies":[{"embeddable":true,"href":"https:\/\/www.europesays.com\/lv\/wp-json\/wp\/v2\/comments?post=103658"}],"version-history":[{"count":0,"href":"https:\/\/www.europesays.com\/lv\/wp-json\/wp\/v2\/posts\/103658\/revisions"}],"wp:featuredmedia":[{"embeddable":true,"href":"https:\/\/www.europesays.com\/lv\/wp-json\/wp\/v2\/media\/103659"}],"wp:attachment":[{"href":"https:\/\/www.europesays.com\/lv\/wp-json\/wp\/v2\/media?parent=103658"}],"wp:term":[{"taxonomy":"category","embeddable":true,"href":"https:\/\/www.europesays.com\/lv\/wp-json\/wp\/v2\/categories?post=103658"},{"taxonomy":"post_tag","embeddable":true,"href":"https:\/\/www.europesays.com\/lv\/wp-json\/wp\/v2\/tags?post=103658"}],"curies":[{"name":"wp","href":"https:\/\/api.w.org\/{rel}","templated":true}]}}