{"id":103662,"date":"2026-01-13T23:08:21","date_gmt":"2026-01-13T23:08:21","guid":{"rendered":"https:\/\/www.europesays.com\/lv\/103662\/"},"modified":"2026-01-13T23:08:21","modified_gmt":"2026-01-13T23:08:21","slug":"revansa-nebus-zutis-pec-cinas-ar-rozentalu-pazino-ka-februari-noslegs-karjeru-bokss-sportacentrs-com","status":"publish","type":"post","link":"https:\/\/www.europesays.com\/lv\/103662\/","title":{"rendered":"Revan\u0161a neb\u016bs? Zutis p\u0113c c\u012b\u0146as ar Rozent\u0101lu pazi\u0146o, ka febru\u0101r\u012b nosl\u0113gs karjeru \u2013 Bokss \u2013 Sportacentrs.com"},"content":{"rendered":"<p>Zutis uzreiz p\u0113c c\u012b\u0146as ring\u0101 publiski pauda, ka l\u012bgum\u0101 iestr\u0101d\u0101ta opcija zaud\u0113t\u0101jam piepras\u012bt revan\u0161a c\u012b\u0146u, un to ar\u012b publiski dar\u012bja. P\u0101ris dienas p\u0113c notiku\u0161\u0101 Zutis \u0161\u0137ietami domas main\u012bjis un sav\u0101 &#8221;Instagram&#8221; kont\u0101 pav\u0113st\u012bjis, ka febru\u0101r\u012b gaid\u0101m\u0101 &#8221;KOK Fights&#8221; \u0161ova c\u012b\u0146a b\u016b\u0161ot p\u0113d\u0113j\u0101 vi\u0146a c\u012bksto\u0146a karjer\u0101.<\/p>\n<p>Public\u0113jam Kristapa Zu\u0161a pazi\u0146ojumu: &#8221;Es zinu ka \u0161is daudzus iepriecin\u0101s! \u0160is l\u0113mums, \u0161\u012b doma par to, ka pietiek ar d\u0113la piedzim\u0161anu palika arvien ska\u013c\u0101ka. Man dz\u012bv\u0113 ir jauns izaicin\u0101jums, man j\u0101r\u016bp\u0113jas par d\u0113lu un tas nav apvienojams ar c\u012b\u0146u sportu. Promb\u016btne, traumas \u2013 tas viss kop\u0101 ir rad\u012bjis nepanesamu un nebaud\u0101mu \u0161o procesu. Ar &#8221;Bazara 0 Fight Club&#8221; organiz\u0101ciju man viss ir k\u0101rt\u012bb\u0101 un viss ir samaks\u0101ts. V\u0113l viena reize, ONE last dance [viena p\u0113d\u0113j\u0101 deja] \u2013 &#8221;KOK Fights&#8221; febru\u0101r\u012b, ceru k\u0101du no Jums tur satikt. Paldies jums visiem par v\u0113stul\u0113m. Man viss ir k\u0101rt\u012bba.&#8221;<\/p>\n<blockquote class=\"instagram-media\"\/>\n","protected":false},"excerpt":{"rendered":"Zutis uzreiz p\u0113c c\u012b\u0146as ring\u0101 publiski pauda, ka l\u012bgum\u0101 iestr\u0101d\u0101ta opcija zaud\u0113t\u0101jam piepras\u012bt revan\u0161a c\u012b\u0146u, un to ar\u012b&hellip;\n","protected":false},"author":2,"featured_media":103663,"comment_status":"","ping_status":"","sticky":false,"template":"","format":"standard","meta":{"footnotes":""},"categories":[17],"tags":[2153,35,39,38,36,37,34,40,67],"class_list":{"0":"post-103662","1":"post","2":"type-post","3":"status-publish","4":"format-standard","5":"has-post-thumbnail","7":"category-sports","8":"tag-bokss","9":"tag-latvia","10":"tag-latvian","11":"tag-latviesu","12":"tag-latviesu-valoda","13":"tag-latviesuvaloda","14":"tag-latvija","15":"tag-lv","16":"tag-sports"},"share_on_mastodon":{"url":"https:\/\/pubeurope.com\/@lv\/115890310550957380","error":""},"_links":{"self":[{"href":"https:\/\/www.europesays.com\/lv\/wp-json\/wp\/v2\/posts\/103662","targetHints":{"allow":["GET"]}}],"collection":[{"href":"https:\/\/www.europesays.com\/lv\/wp-json\/wp\/v2\/posts"}],"about":[{"href":"https:\/\/www.europesays.com\/lv\/wp-json\/wp\/v2\/types\/post"}],"author":[{"embeddable":true,"href":"https:\/\/www.europesays.com\/lv\/wp-json\/wp\/v2\/users\/2"}],"replies":[{"embeddable":true,"href":"https:\/\/www.europesays.com\/lv\/wp-json\/wp\/v2\/comments?post=103662"}],"version-history":[{"count":0,"href":"https:\/\/www.europesays.com\/lv\/wp-json\/wp\/v2\/posts\/103662\/revisions"}],"wp:featuredmedia":[{"embeddable":true,"href":"https:\/\/www.europesays.com\/lv\/wp-json\/wp\/v2\/media\/103663"}],"wp:attachment":[{"href":"https:\/\/www.europesays.com\/lv\/wp-json\/wp\/v2\/media?parent=103662"}],"wp:term":[{"taxonomy":"category","embeddable":true,"href":"https:\/\/www.europesays.com\/lv\/wp-json\/wp\/v2\/categories?post=103662"},{"taxonomy":"post_tag","embeddable":true,"href":"https:\/\/www.europesays.com\/lv\/wp-json\/wp\/v2\/tags?post=103662"}],"curies":[{"name":"wp","href":"https:\/\/api.w.org\/{rel}","templated":true}]}}