{"id":103674,"date":"2026-01-13T23:47:16","date_gmt":"2026-01-13T23:47:16","guid":{"rendered":"https:\/\/www.europesays.com\/lv\/103674\/"},"modified":"2026-01-13T23:47:16","modified_gmt":"2026-01-13T23:47:16","slug":"komanda-no-starptautiskas-kosmosa-stacijas-atgriezisies-atrak-astronauta-veselibas-del-lente-lv","status":"publish","type":"post","link":"https:\/\/www.europesays.com\/lv\/103674\/","title":{"rendered":"komanda no Starptautisk\u0101s kosmosa stacijas atgriez\u012bsies \u0101tr\u0101k astronauta vesel\u012bbas d\u0113\u013c\u00a0\u2014\u00a0Lente.lv"},"content":{"rendered":"<p>NASA priek\u0161laic\u012bga atgrie\u0161an\u0101s no SKS astronauta vesel\u012bbas d\u0113\u013c<\/p>\n<p>ASV Nacion\u0101l\u0101 aeronautikas un kosmosa administr\u0101cija (NASA) ir pie\u0146\u0113musi negaid\u012btu l\u0113mumu par misijas &#8220;Crew-11&#8221; \u010detru astronautu priek\u0161laic\u012bgu atgrie\u0161anos no Starptautisk\u0101s kosmosa stacijas (SKS). \u0160is solis sperts p\u0113c tam, kad vienam no apkalpes locek\u013ciem rad\u0101s medic\u012bniska probl\u0113ma, kas lika nekav\u0113joties r\u012bkoties, lai nodro\u0161in\u0101tu astronauta vesel\u012bbu un dro\u0161\u012bbu. K\u0101 zi\u0146o telekan\u0101ls TV3, \u0161\u012b ir pirm\u0101 reize SKS 25 gadu past\u0101v\u0113\u0161anas v\u0113stur\u0113, kad pilot\u0113ta misija tiek p\u0101rtraukta medic\u012bnisku iemeslu d\u0113\u013c, \u012bstenojot kontrol\u0113tu medic\u012bnisko evaku\u0101ciju.<\/p>\n<p>NASA uzsv\u0113ra, ka astronauta st\u0101voklis ir stabils, ta\u010du, atsaucoties uz priv\u0101tuma apsv\u0113rumiem, netiek sniegta s\u012bk\u0101ka inform\u0101cija par saslim\u0161anas raksturu. A\u0123ent\u016bra parasti neatkl\u0101j astronautu vesel\u012bbas deta\u013cas. L\u0113mums par agr\u012bnu atgrie\u0161anos tika pie\u0146emts, jo uz SKS nav pietiekamu diagnostikas un \u0101rst\u0113\u0161anas iesp\u0113ju, k\u0101das nepiecie\u0161amas pilnv\u0113rt\u012bgai vesel\u012bbas st\u0101vok\u013ca izv\u0113rt\u0113\u0161anai. \u0160is pas\u0101kums, lai gan nav klasific\u0113ts k\u0101 \u0101rk\u0101rtas situ\u0101cija, liecina par NASA gatav\u012bbu r\u012bkoties prevent\u012bvi, lai nov\u0113rstu potenci\u0101lus riskus.<\/p>\n<p>Situ\u0101cijas att\u012bst\u012bba un pas\u0101kumi<\/p>\n<p>Medic\u012bnisk\u0101 probl\u0113ma rad\u0101s 2026. gada 7. janv\u0101r\u012b. T\u0101s d\u0113\u013c tika atcelta iepriek\u0161 pl\u0101not\u0101 izie\u0161ana kosmos\u0101, kur\u0101 bija paredz\u0113ts piedal\u012bties NASA astronautiem Zenai Kardmenai un Maiklam Finkem. Vi\u0146u uzdevums bija sagatavot jaunu saules pane\u013cu uzst\u0101d\u012b\u0161anu, kas stiprin\u0101tu stacijas elektroapg\u0101di. \u0160is pas\u0101kums nebija saist\u012bts ar darba uzdevumu laik\u0101 g\u016btu savainojumu vai ikdienas darb\u012bb\u0101m.<\/p>\n<p>NASA galvenais vesel\u012bbas un medic\u012bnas speci\u0101lists Dr. D\u017eeimss &#8220;JD&#8221; Polks nor\u0101d\u012bja, ka, lai gan SKS ir pieejami medic\u012bnas l\u012bdzek\u013ci, tie nav sal\u012bdzin\u0101mi ar diagnostikas iesp\u0113j\u0101m zemes slimn\u012bc\u0101. T\u0101p\u0113c tiek uzskat\u012bts, ka pilnv\u0113rt\u012bg\u0101ka diagnostika un apr\u016bpe ir iesp\u0113jama tikai uz Zemes. \u0160\u012b piesardz\u012bba izriet no apzi\u0146as par medic\u012bnas ierobe\u017eojumiem mikrogravit\u0101cijas vid\u0113 un nepiecie\u0161am\u012bbu p\u0113c pilnv\u0113rt\u012bgas diagnostikas aparat\u016bras.<\/p>\n<p>Misija &#8220;Crew-11&#8221; un t\u0101s dal\u012bbnieki<\/p>\n<p>Misijas &#8220;Crew-11&#8221; apkalpe, kur\u0101 ietilpst NASA astronauti Zena Kardmena un Maikls Fink, Jap\u0101nas astronauts Kimija Jui un Krievijas kosmonauts O\u013cegs Platonovs, kop\u0161 augusta s\u0101kuma atrad\u0101s SKS. S\u0101kotn\u0113ji bija pl\u0101nots, ka vi\u0146i uz Zemes atgriez\u012bsies aptuveni 20. febru\u0101r\u012b, ta\u010du jaunais pl\u0101ns paredz stacijas atst\u0101\u0161anu tuv\u0101ko dienu laik\u0101. Atgrie\u0161an\u0101s notiks ar to pa\u0161u &#8220;SpaceX Crew Dragon&#8221; ku\u0123i, ar kuru apkalpe dev\u0101s ce\u013c\u0101 pirms vair\u0101k nek\u0101 pieciem m\u0113ne\u0161iem. Visi \u010detri astronauti atgriez\u012bsies kop\u0101, jo vi\u0146i izmanto vienu un to pa\u0161u ku\u0123i k\u0101 gl\u0101b\u0161anas l\u012bdzekli.<\/p>\n<p>P\u0113c &#8220;Crew-11&#8221; aizie\u0161anas uz SKS \u012bslaic\u012bgi paliks tikai viens NASA astronauts, amerik\u0101\u0146u bortin\u017eenieris Kristofers Viljamss, lai uztur\u0113tu amerik\u0101\u0146u kl\u0101tb\u016btni stacij\u0101. Vi\u0146\u0161 uzraudz\u012bs amerik\u0101\u0146u eksperimentu darb\u012bbu un citas ikdienas oper\u0101cijas.<\/p>\n<p>Ierobe\u017eojumi un precedents kosmosa medic\u012bn\u0101<\/p>\n<p>Gad\u012bjums izce\u013c medic\u012bnas probl\u0113mu sare\u017e\u0123\u012bt\u012bbu kosmos\u0101. Pat ikdieni\u0161\u0137as vesel\u012bbas probl\u0113mas var k\u013c\u016bt par izaicin\u0101jumu, veicot diagnostiku vair\u0101k nek\u0101 200 j\u016bd\u017eu augstum\u0101 virs Zemes, \u0146emot v\u0113r\u0101 apr\u012bkojuma ierobe\u017eojumus, mikrogravit\u0101cijas ietekmi un komunik\u0101cijas aiztures. Medic\u012bnas eksperti nor\u0101da, ka kosmosa vide rada stresu vair\u0101k\u0101m \u0137erme\u0146a sist\u0113m\u0101m, padarot pat vienk\u0101r\u0161as diagnozes sare\u017e\u0123\u012btas un bie\u017ei vien liekot izv\u0113l\u0113ties konservat\u012bv\u0101kus risin\u0101jumus, piem\u0113ram, priek\u0161laic\u012bgu atgrie\u0161anos.<\/p>\n<p>NASA ir sask\u0101rusies ar medic\u012bnas probl\u0113m\u0101m ar\u012b iepriek\u0161, piem\u0113ram, ar &#8220;kosmisk\u0101s adapt\u0101cijas sindromu&#8221; jeb kosmosa slim\u012bbu, kas izraisa nelabumu un vertigo. Nopietn\u0101ki gad\u012bjumi, tostarp asins receklis astronauta kakla v\u0113n\u0101, tika atkl\u0101ti v\u0113l\u0101k akad\u0113miskos p\u0113t\u012bjumos, neidentific\u0113jot iesaist\u012btos. Tom\u0113r \u0161is gad\u012bjums ir pirmais, kad misija tiek p\u0101rtraukta vesel\u012bbas apsv\u0113rumu d\u0113\u013c, uzsverot apkalpes dro\u0161\u012bbas priorit\u0101ti.<\/p>\n","protected":false},"excerpt":{"rendered":"NASA priek\u0161laic\u012bga atgrie\u0161an\u0101s no SKS astronauta vesel\u012bbas d\u0113\u013c ASV Nacion\u0101l\u0101 aeronautikas un kosmosa administr\u0101cija (NASA) ir pie\u0146\u0113musi negaid\u012btu&hellip;\n","protected":false},"author":2,"featured_media":103675,"comment_status":"","ping_status":"","sticky":false,"template":"","format":"standard","meta":{"footnotes":""},"categories":[14],"tags":[23,57,25022,28,29,32,33,22,30,31,35,39,38,36,37,34,40,25023,12836,20,26,27,25024,25021,24,25,54,55,56,21,58],"class_list":{"0":"post-103674","1":"post","2":"type-post","3":"status-publish","4":"format-standard","5":"has-post-thumbnail","7":"category-zinas-no-arvalstim","8":"tag-aktualitates","9":"tag-arvalstim","10":"tag-astronauts","11":"tag-breaking-news","12":"tag-breakingnews","13":"tag-featured-news","14":"tag-featurednews","15":"tag-headlines","16":"tag-latest-news","17":"tag-latestnews","18":"tag-latvia","19":"tag-latvian","20":"tag-latviesu","21":"tag-latviesu-valoda","22":"tag-latviesuvaloda","23":"tag-latvija","24":"tag-lv","25":"tag-mediciniska-problema","26":"tag-nasa","27":"tag-news","28":"tag-popularakas-zinas","29":"tag-popularakaszinas","30":"tag-priekslaiciga-atgriesanas","31":"tag-starptautiska-kosmosa-stacija","32":"tag-top-stories","33":"tag-topstories","34":"tag-world","35":"tag-world-news","36":"tag-worldnews","37":"tag-zinas","38":"tag-zinas-no-arvalstim"},"share_on_mastodon":{"url":"","error":"Validation failed: Text character limit of 500 exceeded"},"_links":{"self":[{"href":"https:\/\/www.europesays.com\/lv\/wp-json\/wp\/v2\/posts\/103674","targetHints":{"allow":["GET"]}}],"collection":[{"href":"https:\/\/www.europesays.com\/lv\/wp-json\/wp\/v2\/posts"}],"about":[{"href":"https:\/\/www.europesays.com\/lv\/wp-json\/wp\/v2\/types\/post"}],"author":[{"embeddable":true,"href":"https:\/\/www.europesays.com\/lv\/wp-json\/wp\/v2\/users\/2"}],"replies":[{"embeddable":true,"href":"https:\/\/www.europesays.com\/lv\/wp-json\/wp\/v2\/comments?post=103674"}],"version-history":[{"count":0,"href":"https:\/\/www.europesays.com\/lv\/wp-json\/wp\/v2\/posts\/103674\/revisions"}],"wp:featuredmedia":[{"embeddable":true,"href":"https:\/\/www.europesays.com\/lv\/wp-json\/wp\/v2\/media\/103675"}],"wp:attachment":[{"href":"https:\/\/www.europesays.com\/lv\/wp-json\/wp\/v2\/media?parent=103674"}],"wp:term":[{"taxonomy":"category","embeddable":true,"href":"https:\/\/www.europesays.com\/lv\/wp-json\/wp\/v2\/categories?post=103674"},{"taxonomy":"post_tag","embeddable":true,"href":"https:\/\/www.europesays.com\/lv\/wp-json\/wp\/v2\/tags?post=103674"}],"curies":[{"name":"wp","href":"https:\/\/api.w.org\/{rel}","templated":true}]}}