{"id":103689,"date":"2026-01-14T00:24:14","date_gmt":"2026-01-14T00:24:14","guid":{"rendered":"https:\/\/www.europesays.com\/lv\/103689\/"},"modified":"2026-01-14T00:24:14","modified_gmt":"2026-01-14T00:24:14","slug":"video-%e2%9f%a9-latviesu-makskernieki-iemaldas-krievija-ka-tas-vareja-notikt","status":"publish","type":"post","link":"https:\/\/www.europesays.com\/lv\/103689\/","title":{"rendered":"VIDEO \u27e9 Latvie\u0161u mak\u0161\u0137ernieki iemald\u0101s Krievij\u0101: k\u0101 tas var\u0113ja notikt?"},"content":{"rendered":"<p>L\u012bdz ar ledus veido\u0161anos zemledus mak\u0161\u0137ernieki dodas \u0137ert zivis ar\u012b uz Peipusu un citiem Igaunijas ezeriem. Konkr\u0113tais incidents noticis uz Lemmijerva ezera, kas ar\u012b robe\u017eojas ar Krieviju. P\u0113c dienas aiztur\u0113tie izdoti atpaka\u013c Igaunijai.<\/p>\n<p>11. janv\u0101r\u012b ap plkst. 7.20 Igaunijas robe\u017esargs konstat\u0113jis, ka piecas personas \u0161\u0137\u0113rsoju\u0161as Igaunijas un Krievijas robe\u017eu, kas iet pa Lemmijerva ezeru. Notikuma viet\u0101 ieradies Krievijas ku\u0123is uz gaisa spilvena, kas nog\u0101d\u0101jis p\u0101rk\u0101p\u0113jus Krievijas robe\u017esardzes posten\u012b.<\/p>\n<p>T\u0101s pa\u0161as dienas p\u0113cpusdien\u0101 Krievijas robe\u017esardzes p\u0101rst\u0101vis inform\u0113jis Igaunijas robe\u017esargus, ka aiztur\u0113tie ir Latvijas pilso\u0146i.<\/p>\n<p>12. janv\u0101r\u012b notikusi Igaunijas un Krievijas robe\u017esargu tik\u0161an\u0101s, p\u0113c kuras Latvijas pilso\u0146iem at\u013cauts atgriezties Igaunij\u0101.<\/p>\n<p>&#8220;Vi\u0146i turp dev\u0101s \u013coti agri no r\u012bta, \u0101r\u0101 v\u0113l bija tum\u0161s, un bija putenis. Vi\u0146i vad\u012bj\u0101s p\u0113c kartes telefon\u0101, kas neatbilda faktiskajai robe\u017eas situ\u0101cijai.<\/p>\n<p>Telefon\u0101 robe\u017eas vieta kart\u0113 bija att\u0113lota neprec\u012bzi, lai gan 200 metru att\u0101lum\u0101 no vietas, kur vi\u0146i \u0161\u0137\u0113rsoja robe\u017eu, atrad\u0101s m\u016bsu robe\u017ez\u012bme, kas br\u012bdina, ka priek\u0161\u0101 ir robe\u017ea. Ta\u010du \u0101r\u0101 bija tumsa, un vi\u0146i teica, ka pa\u013c\u0101vu\u0161ies uz to karti, kas bija vi\u0146u r\u012bc\u012bb\u0101,&#8221; st\u0101st\u012bja Mustv\u0113 robe\u017epatru\u013cas grupas vad\u012bt\u0101js Vja\u010deslavs Percevs.<\/p>\n<p>Vair\u0101k skaties si\u017eet\u0101!<\/p>\n","protected":false},"excerpt":{"rendered":"L\u012bdz ar ledus veido\u0161anos zemledus mak\u0161\u0137ernieki dodas \u0137ert zivis ar\u012b uz Peipusu un citiem Igaunijas ezeriem. Konkr\u0113tais incidents&hellip;\n","protected":false},"author":2,"featured_media":103690,"comment_status":"","ping_status":"","sticky":false,"template":"","format":"standard","meta":{"footnotes":""},"categories":[12],"tags":[23,28,29,32,33,22,234,30,31,35,39,38,36,37,34,40,20,26,27,10132,24,25,21],"class_list":{"0":"post-103689","1":"post","2":"type-post","3":"status-publish","4":"format-standard","5":"has-post-thumbnail","7":"category-latvija","8":"tag-aktualitates","9":"tag-breaking-news","10":"tag-breakingnews","11":"tag-featured-news","12":"tag-featurednews","13":"tag-headlines","14":"tag-krievija","15":"tag-latest-news","16":"tag-latestnews","17":"tag-latvia","18":"tag-latvian","19":"tag-latviesu","20":"tag-latviesu-valoda","21":"tag-latviesuvaloda","22":"tag-latvija","23":"tag-lv","24":"tag-news","25":"tag-popularakas-zinas","26":"tag-popularakaszinas","27":"tag-robezsargi","28":"tag-top-stories","29":"tag-topstories","30":"tag-zinas"},"share_on_mastodon":{"url":"https:\/\/pubeurope.com\/@lv\/115890609467020646","error":""},"_links":{"self":[{"href":"https:\/\/www.europesays.com\/lv\/wp-json\/wp\/v2\/posts\/103689","targetHints":{"allow":["GET"]}}],"collection":[{"href":"https:\/\/www.europesays.com\/lv\/wp-json\/wp\/v2\/posts"}],"about":[{"href":"https:\/\/www.europesays.com\/lv\/wp-json\/wp\/v2\/types\/post"}],"author":[{"embeddable":true,"href":"https:\/\/www.europesays.com\/lv\/wp-json\/wp\/v2\/users\/2"}],"replies":[{"embeddable":true,"href":"https:\/\/www.europesays.com\/lv\/wp-json\/wp\/v2\/comments?post=103689"}],"version-history":[{"count":0,"href":"https:\/\/www.europesays.com\/lv\/wp-json\/wp\/v2\/posts\/103689\/revisions"}],"wp:featuredmedia":[{"embeddable":true,"href":"https:\/\/www.europesays.com\/lv\/wp-json\/wp\/v2\/media\/103690"}],"wp:attachment":[{"href":"https:\/\/www.europesays.com\/lv\/wp-json\/wp\/v2\/media?parent=103689"}],"wp:term":[{"taxonomy":"category","embeddable":true,"href":"https:\/\/www.europesays.com\/lv\/wp-json\/wp\/v2\/categories?post=103689"},{"taxonomy":"post_tag","embeddable":true,"href":"https:\/\/www.europesays.com\/lv\/wp-json\/wp\/v2\/tags?post=103689"}],"curies":[{"name":"wp","href":"https:\/\/api.w.org\/{rel}","templated":true}]}}