{"id":103696,"date":"2026-01-14T00:29:09","date_gmt":"2026-01-14T00:29:09","guid":{"rendered":"https:\/\/www.europesays.com\/lv\/103696\/"},"modified":"2026-01-14T00:29:09","modified_gmt":"2026-01-14T00:29:09","slug":"lietuva-atzime-brivibas-aizstavju-dienu-2","status":"publish","type":"post","link":"https:\/\/www.europesays.com\/lv\/103696\/","title":{"rendered":"Lietuva atz\u012bm\u0113 Br\u012bv\u012bbas aizst\u0101vju dienu"},"content":{"rendered":"<p class=\"lead\">\n                                Lietuva otrdien piemin\u0113ja Br\u012bv\u012bbas aizst\u0101vju dienu, atceroties 1991. gada 13. janv\u0101ra tra\u0123iskos notikumus Vi\u013c\u0146\u0101, kad, m\u0113\u0123inot g\u0101zt likum\u012bgi iev\u0113l\u0113to Lietuvas varu, kas 1990. gada 11. mart\u0101 bija pasludin\u0101jusi valsts neatkar\u012bbu, PSRS karasp\u0113ka vien\u012bbas ie\u0146\u0113ma Vi\u013c\u0146as telev\u012bzijas torni un Telev\u012bzijas un radio komiteju un p\u0101rtrauca telev\u012bzijas un radio raid\u012bjumus.\n                            <\/p>\n<p>No lod\u0113m un zem tanku k\u0101pur\u0137\u0113d\u0113m pie telev\u012bzijas tor\u0146a g\u0101ja boj\u0101 14 neapbru\u0146oti cilv\u0113ki un vair\u0101kus simtus ievainoja. Pateicoties tautas nevardarb\u012bgajai pretest\u012bbai, toreiz izdev\u0101s notur\u0113t Augst\u0101k\u0101s Padomes \u0113ku, ko sarg\u0101ja desmitiem t\u016bksto\u0161i cilv\u0113ku, un saglab\u0101t Lietuvas valstiskumu.<\/p>\n<p>Vi\u013c\u0146as Neatkar\u012bbas laukum\u0101 otrdien pusdienlaik\u0101 notika valsts karoga pacel\u0161anas ceremonija, bet p\u0113cpusdien\u0101 \u2013 13. janv\u0101ra notikumu upuru piemi\u0146as ceremonija Antakalnes kaps\u0113t\u0101. Ab\u0101s ceremonij\u0101s piedal\u012bj\u0101s Lietuvas prezidents Gitans Naus\u0113da un citi valsts vad\u012bt\u0101ji. Br\u012bv\u012bbas aizst\u0101vju piemi\u0146u t\u0101pat godin\u0101ja svin\u012bg\u0101 Lietuvas Seima s\u0113d\u0113, kur\u0101 pasniedza ikgad\u0113jo Br\u012bv\u012bbas pr\u0113miju, kas \u0161oreiz pie\u0161\u0137irta Medininku slakti\u0146\u0101 izdz\u012bvoju\u0161ajam Tomam \u0160ernam, kur\u0161 tagad ir reform\u0101tu priesteris. \u0160erns ir vien\u012bgais muitnieks, kur\u0161, lai gan tika smagi ievainots, izdz\u012bvoja, kad 1991. gada 31. j\u016blij\u0101 OMON kaujinieki Medininku kontrolpunkt\u0101 uz Lietuvas un Baltkrievijas robe\u017eas no\u0161\u0101va septi\u0146us Lietuvas muitas darbiniekus un policistus.<\/p>\n<p class=\"paragraph-muted\">Izv\u0113lies savu soct\u012bklu platformu, lai sekotu LASI.LV: <a href=\"https:\/\/www.facebook.com\/portals.lasi.lv\" target=\"_blank\" rel=\"noopener noreferrer nofollow\">Facebook<\/a>, <a href=\"https:\/\/twitter.com\/lasilvportals\" target=\"_blank\" rel=\"noopener noreferrer nofollow\">X<\/a>, <a href=\"https:\/\/bsky.app\/profile\/lasilv.bsky.social\" target=\"_blank\" rel=\"noopener noreferrer nofollow\">Bluesky<\/a>, <a href=\"https:\/\/www.draugiem.lv\/lasilv\/?pg=4\" target=\"_blank\" rel=\"noopener noreferrer nofollow\">Draugiem<\/a>, <a href=\"https:\/\/www.threads.com\/@lasilv_zinas\" rel=\"nofollow noopener\" target=\"_blank\">Threads<\/a> vai ar\u012b <a href=\"https:\/\/www.instagram.com\/lasilv_zinas\/\" target=\"_blank\" rel=\"noopener noreferrer nofollow\">Instagram<\/a>. Pievienojies m\u016bsu las\u012bt\u0101ju pulkam, lai sa\u0146emtu \u012bpa\u0161i tev atlas\u012btu noder\u012bgu, praktisku un aktu\u0101lu saturu.\u00a0<\/p>\n<p style=\"margin-left:auto;\">Pieraksties LASI.LV redaktora v\u0113stkopai <a href=\"https:\/\/lasi.lv\/vestkopa\/lasi-lv-galvena-redaktora-vestkopa\" rel=\"nofollow noopener\" target=\"_blank\">\u0161eit<\/a>.<\/p>\n<p>Pieraksties v\u0113stkopai un divas reizes ned\u0113\u013c\u0101 sa\u0146em padzi\u013cin\u0101tu LASI.LV galven\u0101 redaktora aktu\u0101lo zi\u0146u, kompetentu viedok\u013cu un interesant\u0101ko interviju apkopojumu.<\/p>\n<p>Ko tu sa\u0146emsi:<\/p>\n<ul>\n<li>Daudzveid\u012bgus koment\u0101rus un kompetentus Latvijas Mediju \u017eurn\u0101listu un autoru viedok\u013cus par aktu\u0101lo<\/li>\n<li>Ekspertu koment\u0101rus par da\u017e\u0101diem praktiskiem, noder\u012bgiem tematiem<\/li>\n<li>Aizraujo\u0161us materi\u0101lus par v\u0113sturi, psiholo\u0123iju, kult\u016bru<\/li>\n<li>Gata \u0160\u013c\u016bkas karikat\u016bru<\/li>\n<li>Tav\u0101 e-pasta kast\u012bt\u0113 katru ceturtdienu<\/li>\n<\/ul>\n<p style=\"margin-left:auto;\">\u00a0<\/p>\n<p><script async src=\"https:\/\/platform.twitter.com\/widgets.js\" charset=\"utf-8\"><\/script><script async src=\"\/\/www.instagram.com\/embed.js\"><\/script><\/p>\n","protected":false},"excerpt":{"rendered":"Lietuva otrdien piemin\u0113ja Br\u012bv\u012bbas aizst\u0101vju dienu, atceroties 1991. gada 13. janv\u0101ra tra\u0123iskos notikumus Vi\u013c\u0146\u0101, kad, m\u0113\u0123inot g\u0101zt likum\u012bgi&hellip;\n","protected":false},"author":2,"featured_media":103560,"comment_status":"","ping_status":"","sticky":false,"template":"","format":"standard","meta":{"footnotes":""},"categories":[14],"tags":[23,57,28,29,32,33,22,30,31,35,39,38,36,37,34,40,20,26,27,24,25,54,55,56,21,58],"class_list":{"0":"post-103696","1":"post","2":"type-post","3":"status-publish","4":"format-standard","5":"has-post-thumbnail","7":"category-zinas-no-arvalstim","8":"tag-aktualitates","9":"tag-arvalstim","10":"tag-breaking-news","11":"tag-breakingnews","12":"tag-featured-news","13":"tag-featurednews","14":"tag-headlines","15":"tag-latest-news","16":"tag-latestnews","17":"tag-latvia","18":"tag-latvian","19":"tag-latviesu","20":"tag-latviesu-valoda","21":"tag-latviesuvaloda","22":"tag-latvija","23":"tag-lv","24":"tag-news","25":"tag-popularakas-zinas","26":"tag-popularakaszinas","27":"tag-top-stories","28":"tag-topstories","29":"tag-world","30":"tag-world-news","31":"tag-worldnews","32":"tag-zinas","33":"tag-zinas-no-arvalstim"},"share_on_mastodon":{"url":"https:\/\/pubeurope.com\/@lv\/115890629012034972","error":""},"_links":{"self":[{"href":"https:\/\/www.europesays.com\/lv\/wp-json\/wp\/v2\/posts\/103696","targetHints":{"allow":["GET"]}}],"collection":[{"href":"https:\/\/www.europesays.com\/lv\/wp-json\/wp\/v2\/posts"}],"about":[{"href":"https:\/\/www.europesays.com\/lv\/wp-json\/wp\/v2\/types\/post"}],"author":[{"embeddable":true,"href":"https:\/\/www.europesays.com\/lv\/wp-json\/wp\/v2\/users\/2"}],"replies":[{"embeddable":true,"href":"https:\/\/www.europesays.com\/lv\/wp-json\/wp\/v2\/comments?post=103696"}],"version-history":[{"count":0,"href":"https:\/\/www.europesays.com\/lv\/wp-json\/wp\/v2\/posts\/103696\/revisions"}],"wp:featuredmedia":[{"embeddable":true,"href":"https:\/\/www.europesays.com\/lv\/wp-json\/wp\/v2\/media\/103560"}],"wp:attachment":[{"href":"https:\/\/www.europesays.com\/lv\/wp-json\/wp\/v2\/media?parent=103696"}],"wp:term":[{"taxonomy":"category","embeddable":true,"href":"https:\/\/www.europesays.com\/lv\/wp-json\/wp\/v2\/categories?post=103696"},{"taxonomy":"post_tag","embeddable":true,"href":"https:\/\/www.europesays.com\/lv\/wp-json\/wp\/v2\/tags?post=103696"}],"curies":[{"name":"wp","href":"https:\/\/api.w.org\/{rel}","templated":true}]}}