{"id":103699,"date":"2026-01-14T00:33:09","date_gmt":"2026-01-14T00:33:09","guid":{"rendered":"https:\/\/www.europesays.com\/lv\/103699\/"},"modified":"2026-01-14T00:33:09","modified_gmt":"2026-01-14T00:33:09","slug":"ravinskis-aizstas-mateiko-latvijas-izlases-sastava-olimpiskajas-speles-raksts","status":"publish","type":"post","link":"https:\/\/www.europesays.com\/lv\/103699\/","title":{"rendered":"Ravinskis aizst\u0101s Mateiko Latvijas izlases sast\u0101v\u0101 olimpiskaj\u0101s sp\u0113l\u0113s \/ Raksts"},"content":{"rendered":"<p>Uzbruc\u0113js Anr\u012b Ravinskis aizst\u0101s savainoto \u0112riku Mateiko Latvijas izlases sast\u0101v\u0101 olimpiskaj\u0101s sp\u0113l\u0113s, pazi\u0146oja Latvijas Hokeja feder\u0101cija (LHF).\u00a0<\/p>\n<p>Mateiko savainojums ir nopietns, un tuv\u0101kaj\u0101 laik\u0101 vi\u0146am tiks veikta oper\u0101cija, kas liegs sp\u0113l\u0113t aptuveni se\u0161us m\u0113ne\u0161us.<\/p>\n<p>23 gadus vecais Ravinskis sav\u0101 debijas sezon\u0101 Amerikas Hokeja l\u012bg\u0101 (AHL) 22 ma\u010dos guvis divus v\u0101rtus un atdevis vienu rezultat\u012bvu piesp\u0113li. Ebotsfordas &#8220;Canucks&#8221; uzbruc\u0113js p\u0113rn\u0101 gada pasaules \u010dempion\u0101t\u0101 septi\u0146os ma\u010dos guva vienus v\u0101rtus un atdeva vienu rezultat\u012bvu piesp\u0113li.<\/p>\n<p>Latvijas hokejisti 2026. gada Mil\u0101nas un Kort\u012bnas d&#8217;Ampeco olimpiskaj\u0101s sp\u0113l\u0113s C grup\u0101 tiksies ar ASV, V\u0101ciju un D\u0101niju. C grupas pirmaj\u0101 ma\u010d\u0101 12.\u00a0febru\u0101r\u012b latvie\u0161i sp\u0113kosies ar ASV, 14. febru\u0101r\u012b paredz\u0113ta sp\u0113le ar V\u0101ciju, bet dienu v\u0113l\u0101k Latvijas hokejisti st\u0101sies pret\u012b D\u0101nijai.\u00a0<\/p>\n<p>Olimpisko sp\u0113\u013cu hokeja turn\u012br\u0101 b\u016bs tr\u012bs grupas. A grup\u0101 sp\u0113kosies Kan\u0101da, \u010cehija, \u0160veice un Francija, bet B grup\u0101 c\u012bn\u012bsies Somija, Zviedrija, Slov\u0101kija un It\u0101lija.<\/p>\n<p>Katras grupas uzvar\u0113t\u0101ja un lab\u0101k\u0101 no otr\u0101s vietas ieguv\u0113j\u0101m uzreiz kvalific\u0113sies ceturtda\u013cfin\u0101lam, bet p\u0101r\u0113j\u0101s vien\u012bbas c\u012bn\u012bsies astotda\u013cfin\u0101l\u0101.<\/p>\n<p>                    Valodas k\u013c\u016bda rakst\u0101?<\/p>\n<p class=\"d-none d-md-block\">Iez\u012bm\u0113jiet tekstu un spiediet Ctrl+Enter, lai nos\u016bt\u012btu labojamo teksta fragmentu redaktoram! Par faktu k\u013c\u016bd\u0101m l\u016bdzam zi\u0146ot e-past\u0101 <a href=\"https:\/\/www.lsm.lv\/cdn-cgi\/l\/email-protection\" class=\"__cf_email__\" data-cfemail=\"d2a0b7b6b3b9b1bbb8b392bea1bffcbea4\" rel=\"nofollow noopener\" target=\"_blank\">[email\u00a0protected]<\/a>.<\/p>\n<p class=\"d-md-none\">Iez\u012bm\u0113jiet tekstu un spiediet uz Zi\u0146ot par k\u013c\u016bdu pogas, lai nos\u016bt\u012btu labojamo teksta fragmentu redaktoram!<\/p>\n<p>\n                    Zi\u0146ot par k\u013c\u016bdu\n                <\/p>\n","protected":false},"excerpt":{"rendered":"Uzbruc\u0113js Anr\u012b Ravinskis aizst\u0101s savainoto \u0112riku Mateiko Latvijas izlases sast\u0101v\u0101 olimpiskaj\u0101s sp\u0113l\u0113s, pazi\u0146oja Latvijas Hokeja feder\u0101cija (LHF).\u00a0 Mateiko&hellip;\n","protected":false},"author":2,"featured_media":103700,"comment_status":"","ping_status":"","sticky":false,"template":"","format":"standard","meta":{"footnotes":""},"categories":[17],"tags":[35,39,38,36,37,34,40,67],"class_list":{"0":"post-103699","1":"post","2":"type-post","3":"status-publish","4":"format-standard","5":"has-post-thumbnail","7":"category-sports","8":"tag-latvia","9":"tag-latvian","10":"tag-latviesu","11":"tag-latviesu-valoda","12":"tag-latviesuvaloda","13":"tag-latvija","14":"tag-lv","15":"tag-sports"},"share_on_mastodon":{"url":"https:\/\/pubeurope.com\/@lv\/115890644733835418","error":""},"_links":{"self":[{"href":"https:\/\/www.europesays.com\/lv\/wp-json\/wp\/v2\/posts\/103699","targetHints":{"allow":["GET"]}}],"collection":[{"href":"https:\/\/www.europesays.com\/lv\/wp-json\/wp\/v2\/posts"}],"about":[{"href":"https:\/\/www.europesays.com\/lv\/wp-json\/wp\/v2\/types\/post"}],"author":[{"embeddable":true,"href":"https:\/\/www.europesays.com\/lv\/wp-json\/wp\/v2\/users\/2"}],"replies":[{"embeddable":true,"href":"https:\/\/www.europesays.com\/lv\/wp-json\/wp\/v2\/comments?post=103699"}],"version-history":[{"count":0,"href":"https:\/\/www.europesays.com\/lv\/wp-json\/wp\/v2\/posts\/103699\/revisions"}],"wp:featuredmedia":[{"embeddable":true,"href":"https:\/\/www.europesays.com\/lv\/wp-json\/wp\/v2\/media\/103700"}],"wp:attachment":[{"href":"https:\/\/www.europesays.com\/lv\/wp-json\/wp\/v2\/media?parent=103699"}],"wp:term":[{"taxonomy":"category","embeddable":true,"href":"https:\/\/www.europesays.com\/lv\/wp-json\/wp\/v2\/categories?post=103699"},{"taxonomy":"post_tag","embeddable":true,"href":"https:\/\/www.europesays.com\/lv\/wp-json\/wp\/v2\/tags?post=103699"}],"curies":[{"name":"wp","href":"https:\/\/api.w.org\/{rel}","templated":true}]}}