{"id":103701,"date":"2026-01-14T00:37:08","date_gmt":"2026-01-14T00:37:08","guid":{"rendered":"https:\/\/www.europesays.com\/lv\/103701\/"},"modified":"2026-01-14T00:37:08","modified_gmt":"2026-01-14T00:37:08","slug":"kas-mainijies-pec-2024-gada-labdaribas-maratona-dod-pieci-veselibas-aprupe-lr1-latvijas-radio","status":"publish","type":"post","link":"https:\/\/www.europesays.com\/lv\/103701\/","title":{"rendered":"Kas main\u012bjies p\u0113c 2024.gada labdar\u012bbas maratona &#8220;Dod pieci!&#8221; vesel\u012bbas apr\u016bp\u0113 \/ LR1 \/ \/ Latvijas Radio"},"content":{"rendered":"<p><a href=\"https:\/\/mapp.latvijasradio.lv\/shared-broadcast?b=113&amp;url=http:\/\/latvijasradio.lsm.lv\/lv\/lr1\/raidijumi\/krustpunkta\/\" target=\"_blank\" rel=\"nofollow noopener\"><img decoding=\"async\" alt=\"Latvijas Radio lietotnes logo\" src=\"https:\/\/www.europesays.com\/lv\/wp-content\/uploads\/2026\/01\/1768351028_341_LR_pod poga.png\" style=\"width: 140px; height: 38px;\"\/><\/a><\/p>\n<p>Raid\u012bjuma skan\u0113\u0161anas laik\u0101 varat sazin\u0101ties, s\u016btot Whatsapp zi\u0146as uz numuru 25660440.<\/p>\n<p>2024. gad\u0101 labdar\u012bbas maratons &#8220;Dod pieci!&#8221; aicin\u0101ja pal\u012bdz\u0113t tiem, kurus no dz\u012bv\u012bbas \u0161\u0137ir nauda, jeb cilv\u0113kiem, kas non\u0101ku\u0161i finansi\u0101l\u0101 bezizej\u0101, jo vi\u0146us sk\u0101ru\u0161as kritiskas un ak\u016btas vesel\u012bbas probl\u0113mas, nepiecie\u0161ama t\u016bl\u012bt\u0113ja pal\u012bdz\u012bba, bet valsts \u0101rst\u0113\u0161an\u0101s izmaksas nesedz.\u00a0Bie\u017ei \u0161\u0101dos gad\u012bjumos cilv\u0113kus no dz\u012bv\u012bbas \u0161\u0137ir konkr\u0113ta un pa\u0161iem nesasniedzama naudas summa. Toreiz Vesel\u012bbas ministrijai tika iesniegtas konkr\u0113tas pras\u012bbas. Atbild\u012bg\u0101s iest\u0101des sol\u012bja p\u0101rmai\u0146as. Kas ir izdar\u012bts?<\/p>\n<p>Krustpunkt\u0101 analiz\u0113\u00a0Latvijas onkolo\u0123ijas pacientu organiz\u0101ciju apvien\u012bbas &#8220;Onkoalianse&#8221; vad\u012bt\u0101ja Olga Valci\u0146a,\u00a0Valsts kontroles padomes locekle Maija \u0100boli\u0146a, &#8220;Ziedot.lv&#8221; vad\u012bt\u0101ja R\u016bta Dimanta, Vesel\u012bbas ministrijas\u00a0Farm\u0101cijas departamenta direktore Inese Kaupere un Nacion\u0101l\u0101 vesel\u012bbas dienesta\u00a0Z\u0101\u013cu un medic\u012bnisko ier\u012b\u010du departamenta direktores vietniece Zinta Rug\u0101ja.<\/p>\n<p>\u00a0<\/p>\n<p>Ieteikt<\/p>\n<p>    Latvijas Radio aicina izteikt savu viedokli par raid\u012bjum\u0101 dzird\u0113to un atbalsta diskusijas klaus\u012bt\u0101ju starp\u0101, tom\u0113r patur ties\u012bbas dz\u0113st koment\u0101rus, kas p\u0101rk\u0101pj cie\u0146pilnas attieksmes un \u0113tiskas r\u012bc\u012bbas robe\u017eas.<a name=\"comments\"\/><\/p>\n","protected":false},"excerpt":{"rendered":"Raid\u012bjuma skan\u0113\u0161anas laik\u0101 varat sazin\u0101ties, s\u016btot Whatsapp zi\u0146as uz numuru 25660440. 2024. gad\u0101 labdar\u012bbas maratons &#8220;Dod pieci!&#8221; aicin\u0101ja&hellip;\n","protected":false},"author":2,"featured_media":103702,"comment_status":"","ping_status":"","sticky":false,"template":"","format":"standard","meta":{"footnotes":""},"categories":[5],"tags":[23,28,29,32,33,22,30,31,35,39,38,36,37,34,40,20,26,27,24,25,21],"class_list":{"0":"post-103701","1":"post","2":"type-post","3":"status-publish","4":"format-standard","5":"has-post-thumbnail","7":"category-aktualitates","8":"tag-aktualitates","9":"tag-breaking-news","10":"tag-breakingnews","11":"tag-featured-news","12":"tag-featurednews","13":"tag-headlines","14":"tag-latest-news","15":"tag-latestnews","16":"tag-latvia","17":"tag-latvian","18":"tag-latviesu","19":"tag-latviesu-valoda","20":"tag-latviesuvaloda","21":"tag-latvija","22":"tag-lv","23":"tag-news","24":"tag-popularakas-zinas","25":"tag-popularakaszinas","26":"tag-top-stories","27":"tag-topstories","28":"tag-zinas"},"share_on_mastodon":{"url":"https:\/\/pubeurope.com\/@lv\/115890660494593268","error":""},"_links":{"self":[{"href":"https:\/\/www.europesays.com\/lv\/wp-json\/wp\/v2\/posts\/103701","targetHints":{"allow":["GET"]}}],"collection":[{"href":"https:\/\/www.europesays.com\/lv\/wp-json\/wp\/v2\/posts"}],"about":[{"href":"https:\/\/www.europesays.com\/lv\/wp-json\/wp\/v2\/types\/post"}],"author":[{"embeddable":true,"href":"https:\/\/www.europesays.com\/lv\/wp-json\/wp\/v2\/users\/2"}],"replies":[{"embeddable":true,"href":"https:\/\/www.europesays.com\/lv\/wp-json\/wp\/v2\/comments?post=103701"}],"version-history":[{"count":0,"href":"https:\/\/www.europesays.com\/lv\/wp-json\/wp\/v2\/posts\/103701\/revisions"}],"wp:featuredmedia":[{"embeddable":true,"href":"https:\/\/www.europesays.com\/lv\/wp-json\/wp\/v2\/media\/103702"}],"wp:attachment":[{"href":"https:\/\/www.europesays.com\/lv\/wp-json\/wp\/v2\/media?parent=103701"}],"wp:term":[{"taxonomy":"category","embeddable":true,"href":"https:\/\/www.europesays.com\/lv\/wp-json\/wp\/v2\/categories?post=103701"},{"taxonomy":"post_tag","embeddable":true,"href":"https:\/\/www.europesays.com\/lv\/wp-json\/wp\/v2\/tags?post=103701"}],"curies":[{"name":"wp","href":"https:\/\/api.w.org\/{rel}","templated":true}]}}