{"id":103703,"date":"2026-01-14T00:49:34","date_gmt":"2026-01-14T00:49:34","guid":{"rendered":"https:\/\/www.europesays.com\/lv\/103703\/"},"modified":"2026-01-14T00:49:34","modified_gmt":"2026-01-14T00:49:34","slug":"asv-parstavju-palata-iesniegts-likumprojekts-par-grenlandes-aneksiju-raksts","status":"publish","type":"post","link":"https:\/\/www.europesays.com\/lv\/103703\/","title":{"rendered":"ASV P\u0101rst\u0101vju pal\u0101t\u0101 iesniegts likumprojekts par Grenlandes aneksiju \/ Raksts"},"content":{"rendered":"<p>\n                        Vakar, 14:03                    <\/p>\n<p>\n                            Papildin\u0101ts vakar, 20:12                        <\/p>\n<p>ASV Kongresa apak\u0161pal\u0101t\u0101 iesniegts likumprojekts par D\u0101nijas autonom\u0101s teritorijas Grenlandes aneksiju, ko sagatavojis P\u0101rst\u0101vju pal\u0101tas loceklis republik\u0101nis Rendijs Fains. P\u0101rst\u0101vju pal\u0101tas m\u0101jaslap\u0101 public\u0113t\u0101 likumdo\u0161anas iniciat\u012bva tiek raksturota k\u0101 &#8220;z\u012bm\u012bga&#8221; un v\u0113rsta uz ASV nacion\u0101l\u0101s dro\u0161\u012bbas strat\u0113\u0123isko intere\u0161u aizsardz\u012bbu Arktik\u0101. Par likumprojekta m\u0113r\u0137i nor\u0101d\u012bta \u0136\u012bnas un Krievijas rad\u012bto draudu ierobe\u017eo\u0161ana.<\/p>\n<p>P\u0101rst\u0101vju pal\u0101tas locek\u013ca republik\u0101\u0146a Rendija Faina iesniegtais likumprojekts paredz pie\u0161\u0137irt ASV prezidentam Donaldam Trampam pilnvaras veikt visus nepiecie\u0161amos pas\u0101kumus, lai padar\u012btu Grenlandi par ASV teritoriju, tostarp \u0161o D\u0101nijai piedero\u0161o salu anekt\u0113t.<\/p>\n<p>Likumprojekta anot\u0101cij\u0101 tiek uzsv\u0113rts, ka glob\u0101l\u0101s konkurences apst\u0101k\u013cos\u00a0ASV nevar at\u013cauties &#8220;naid\u012bgu valstu ietekmes pieaugumu&#8221; strat\u0113\u0123iski noz\u012bm\u012bgaj\u0101 Arktikas re\u0123ion\u0101. Fains pazi\u0146ojum\u0101 presei nor\u0101d\u012bja, ka Grenlande ir kritiski svar\u012bgs &#8220;nacion\u0101l\u0101s dro\u0161\u012bbas akt\u012bvs&#8221;.<\/p>\n<blockquote>\n<p>P\u0113c vi\u0146a teikt\u0101, tas, kas kontrol\u0113 Grenlandi, kontrol\u0113 galvenos Arktikas j\u016bras ce\u013cus un dro\u0161\u012bbas arhitekt\u016bru, kas aizsarg\u0101 Savienot\u0101s Valstis.<\/p>\n<\/blockquote>\n<p>Grenlande ir D\u0101nijas Karalistes da\u013ca, ta\u010du t\u0101 ir liel\u0101 m\u0113r\u0101 autonoma un nav Eiropas Savien\u012bbas (ES) sast\u0101v\u0101. Prezidents Donalds Tramps turpina uzst\u0101t, ka \u0161\u012b teritorija nepiecie\u0161ama ASV nacion\u0101lajai dro\u0161\u012bbai. P\u0113c vi\u0146a teikt\u0101, ASV vien\u0101 vai otr\u0101 veid\u0101 ie\u0146ems Grenlandi, jo, ja Va\u0161ingtona ner\u012bkosies, kontroli p\u0101r\u0146em\u0161ot \u0136\u012bna un Krievija. Balt\u0101 nama preses sekret\u0101re Kerolaina Levita iepriek\u0161 izteic\u0101s, ka Tramps k\u0101 vienu no iesp\u0113jamiem variantiem apsver salas ieg\u0101di.<\/p>\n<blockquote>\n<p>Grenlandes iedz\u012bvot\u0101ji baid\u0101s, ka Amerikas Savienot\u0101s Valstis (ASV) var\u0113tu milit\u0101ri iebrukt D\u0101nijai piedero\u0161aj\u0101 sal\u0101. Apdraud\u0113juma d\u0113\u013c da\u013ca grenlandie\u0161u dom\u0101 par do\u0161anos prom no dzimtenes.<\/p>\n<\/blockquote>\n<p>\u0160\u0101du iesp\u0113ju ar savu \u0123imeni ir apspriedusi ar\u012b bijus\u012b Grenlandes parlamenta deput\u0101te Tilija Martinussena.<\/p>\n<p>&#8220;M\u0113s esam \u013coti noraiz\u0113ju\u0161ies. M\u0113s dom\u0101jam, vai vi\u0146i var\u0113tu mums uzbrukt tuv\u0101kaj\u0101 ned\u0113\u013c\u0101. Vai var\u0113tu notikt zibenskar\u0161, k\u0101du ASV veica Venecu\u0113l\u0101, lai neviens to nepamana? Protams, vi\u0146i zina, ka mums nav milit\u0101ro sp\u0113ku, t\u0101p\u0113c tas, visticam\u0101k, neb\u016btu bru\u0146ots iebrukums. Iesp\u0113jams, ka neb\u016btu vajadz\u012bbas \u0161aut. M\u0113s ar manu draugu apspried\u0101m, vai mums nevajadz\u0113tu kop\u0101 ar vi\u0146a d\u0113lu un v\u0113l da\u017eiem tuviniekiem p\u0101rcelties uz D\u0101niju. Man tas ne\u0161\u0137iet p\u0101rsteidz\u012bgi,&#8221;\u00a0Martinussena sac\u012bja \u012arijas sabiedriskajai telev\u012bzijai.<\/p>\n<p>KONTEKSTS:<\/p>\n<p>Grenlande p\u0113c plat\u012bbas ir liel\u0101k\u0101 sala pasaul\u0113, bet uz t\u0101s ir tikai aptuveni\u00a056 000 iedz\u012bvot\u0101ju. T\u0101 pieder D\u0101nijai, bet salai ir pla\u0161as autonomijas ties\u012bbas.<\/p>\n<p>Grenlandes galvaspils\u0113ta N\u016bka \u0123eogr\u0101fiski ir tuv\u0101k \u0145ujorkai nek\u0101 Kopenh\u0101genai, un ASV vald\u012bba jau vair\u0101kk\u0101rt izr\u0101d\u012bjusi interesi par Grenlandes ieg\u0101d\u0101\u0161anos. Grenland\u0113 ir izvietota ASV milit\u0101r\u0101 b\u0101ze.<\/p>\n<p>ASV dr\u012bz p\u0113c Otr\u0101 pasaules kara pied\u0101v\u0101ja nopirkt Grenlandi par 100 miljoniem dol\u0101ru, bet D\u0101nija noraid\u012bja \u0161o pied\u0101v\u0101jumu.<\/p>\n<p>ASV prezidents Donalds Tramps jau sava pirm\u0101 prezident\u016bras termi\u0146a laik\u0101\u00a0<a data-id=\"328990\" data-type=\"article\" href=\"https:\/\/www.lsm.lv\/raksts\/zinas\/arzemes\/mediji-tramps-interesejies-par-grenlandes-iegadi-danija-to-uztver-ka-joku.a328990\/\" class=\"lsm-link\" rel=\"nofollow noopener\" target=\"_blank\">atdz\u012bvin\u0101ja ideju<\/a>\u00a0par Grenlandes pirk\u0161anu, bet tagad p\u0113c atgrie\u0161an\u0101s Balt\u0101 nama saimnieka amat\u0101 vi\u0146\u0161 ar jaunu sparu\u00a0<a data-id=\"582653\" data-type=\"article\" href=\"https:\/\/www.lsm.lv\/raksts\/zinas\/arzemes\/07.01.2025-tramps-pirms-stasanas-amata-signalize-par-ekspansionisma-tieksmem.a582653\/\" class=\"lsm-link\" rel=\"nofollow noopener\" target=\"_blank\">\u0137\u0113ries<\/a>\u00a0pie \u0161\u012bs idejas populariz\u0113\u0161anas.<\/p>\n<p>Starptautisk\u0101s politikas eksperti\u00a0<a data-id=\"582674\" data-type=\"article\" href=\"https:\/\/www.lsm.lv\/raksts\/zinas\/arzemes\/08.01.2025-lsm-skaidro-kapec-tramps-tik-loti-velas-iegadaties-grenlandi.a582674\/\" class=\"lsm-link\" rel=\"nofollow noopener\" target=\"_blank\">sprie\u017e<\/a>, ka ASV interes\u0113 Grenlandes strat\u0113\u0123iski svar\u012bgais izvietojums un pieeja Arktikai, k\u0101 ar\u012b der\u012bgo izrakte\u0146u kr\u0101jumi.<\/p>\n<p>D\u0101nijas un Grenlandes amatpersonas gan\u00a0<a data-id=\"582821\" data-type=\"article\" href=\"https:\/\/www.lsm.lv\/raksts\/zinas\/arzemes\/08.01.2025-grenlandes-deputate-par-trampa-velmi-nopirkt-salu-ne-jau-asv-izlems-musu-nakotni.a582821\/\" class=\"lsm-link\" rel=\"nofollow noopener\" target=\"_blank\">uzsv\u0113ru\u0161as<\/a>, ka Grenlande netiek p\u0101rdota.<\/p>\n<p>2026. gada janv\u0101r\u012b Baltais nams\u00a0<a data-id=\"628859\" data-type=\"article\" href=\"https:\/\/www.lsm.lv\/raksts\/zinas\/arzemes\/06.01.2026-tramps-apsver-vairakus-variantus-grenlandes-iegusanai-neizsledz-militaru-ricibu.a628859\/\" class=\"lsm-link\" rel=\"nofollow noopener\" target=\"_blank\">pav\u0113st\u012bja<\/a>, ka Tramps izskata da\u017e\u0101das iesp\u0113jas, k\u0101 p\u0101r\u0146emt Grenlandi sav\u0101 kontrol\u0113, tai skait\u0101 netiek izsl\u0113gts ar\u012b milit\u0101rs risin\u0101jums. \u0160\u0101ds scen\u0101rijs izrais\u012btu smagu kr\u012bzi NATO, jo gan D\u0101nija, gan ASV ir NATO dal\u012bbvalstis.<\/p>\n<p>                    Valodas k\u013c\u016bda rakst\u0101?<\/p>\n<p class=\"d-none d-md-block\">Iez\u012bm\u0113jiet tekstu un spiediet Ctrl+Enter, lai nos\u016bt\u012btu labojamo teksta fragmentu redaktoram! Par faktu k\u013c\u016bd\u0101m l\u016bdzam zi\u0146ot e-past\u0101 <a href=\"https:\/\/www.lsm.lv\/cdn-cgi\/l\/email-protection\" class=\"__cf_email__\" data-cfemail=\"4a382f2e2b212923202b0a26392764263c\" rel=\"nofollow noopener\" target=\"_blank\">[email\u00a0protected]<\/a>.<\/p>\n<p class=\"d-md-none\">Iez\u012bm\u0113jiet tekstu un spiediet uz Zi\u0146ot par k\u013c\u016bdu pogas, lai nos\u016bt\u012btu labojamo teksta fragmentu redaktoram!<\/p>\n<p>\n                    Zi\u0146ot par k\u013c\u016bdu\n                <\/p>\n","protected":false},"excerpt":{"rendered":"Vakar, 14:03 Papildin\u0101ts vakar, 20:12 ASV Kongresa apak\u0161pal\u0101t\u0101 iesniegts likumprojekts par D\u0101nijas autonom\u0101s teritorijas Grenlandes aneksiju, ko sagatavojis&hellip;\n","protected":false},"author":2,"featured_media":103704,"comment_status":"","ping_status":"","sticky":false,"template":"","format":"standard","meta":{"footnotes":""},"categories":[5],"tags":[23,28,29,32,33,22,30,31,35,39,38,36,37,34,40,20,26,27,24,25,21],"class_list":{"0":"post-103703","1":"post","2":"type-post","3":"status-publish","4":"format-standard","5":"has-post-thumbnail","7":"category-aktualitates","8":"tag-aktualitates","9":"tag-breaking-news","10":"tag-breakingnews","11":"tag-featured-news","12":"tag-featurednews","13":"tag-headlines","14":"tag-latest-news","15":"tag-latestnews","16":"tag-latvia","17":"tag-latvian","18":"tag-latviesu","19":"tag-latviesu-valoda","20":"tag-latviesuvaloda","21":"tag-latvija","22":"tag-lv","23":"tag-news","24":"tag-popularakas-zinas","25":"tag-popularakaszinas","26":"tag-top-stories","27":"tag-topstories","28":"tag-zinas"},"share_on_mastodon":{"url":"https:\/\/pubeurope.com\/@lv\/115890707643759442","error":""},"_links":{"self":[{"href":"https:\/\/www.europesays.com\/lv\/wp-json\/wp\/v2\/posts\/103703","targetHints":{"allow":["GET"]}}],"collection":[{"href":"https:\/\/www.europesays.com\/lv\/wp-json\/wp\/v2\/posts"}],"about":[{"href":"https:\/\/www.europesays.com\/lv\/wp-json\/wp\/v2\/types\/post"}],"author":[{"embeddable":true,"href":"https:\/\/www.europesays.com\/lv\/wp-json\/wp\/v2\/users\/2"}],"replies":[{"embeddable":true,"href":"https:\/\/www.europesays.com\/lv\/wp-json\/wp\/v2\/comments?post=103703"}],"version-history":[{"count":0,"href":"https:\/\/www.europesays.com\/lv\/wp-json\/wp\/v2\/posts\/103703\/revisions"}],"wp:featuredmedia":[{"embeddable":true,"href":"https:\/\/www.europesays.com\/lv\/wp-json\/wp\/v2\/media\/103704"}],"wp:attachment":[{"href":"https:\/\/www.europesays.com\/lv\/wp-json\/wp\/v2\/media?parent=103703"}],"wp:term":[{"taxonomy":"category","embeddable":true,"href":"https:\/\/www.europesays.com\/lv\/wp-json\/wp\/v2\/categories?post=103703"},{"taxonomy":"post_tag","embeddable":true,"href":"https:\/\/www.europesays.com\/lv\/wp-json\/wp\/v2\/tags?post=103703"}],"curies":[{"name":"wp","href":"https:\/\/api.w.org\/{rel}","templated":true}]}}