{"id":103707,"date":"2026-01-14T00:57:16","date_gmt":"2026-01-14T00:57:16","guid":{"rendered":"https:\/\/www.europesays.com\/lv\/103707\/"},"modified":"2026-01-14T00:57:16","modified_gmt":"2026-01-14T00:57:16","slug":"divi-latvijas-izlases-basketbolisti-apvieno-spekus-lietuvas-kluba","status":"publish","type":"post","link":"https:\/\/www.europesays.com\/lv\/103707\/","title":{"rendered":"Divi Latvijas izlases basketbolisti apvieno sp\u0113kus Lietuvas klub\u0101"},"content":{"rendered":"<p>Latvijas basketbolists <a rel=\"noopener nofollow\" target=\"_blank\" href=\"https:\/\/www.delfi.lv\/temas\/56414616\/karlis-silins\" tag-id=\"56414616\">K\u0101rlis \u0160ili\u0146\u0161<\/a> pievienojies Lietuvas komandai Klaip\u0113das &#8220;Nept\u016bnas&#8221;, otrdien pazi\u0146oja klubs.<\/p>\n<p>&#8220;Nept\u016bnas&#8221; m\u0101j\u0101s ar rezult\u0101tu 85:104 (16:25, 25:23, 20:27, 24:30) zaud\u0113ja \u013bub\u013canas &#8220;Olimpija&#8221; komandai. Loma\u017es otrdien sp\u0113l\u0113ja 29 min\u016btes un 46 sekundes, kuru laik\u0101 realiz\u0113ja vienu no pieciem divpunktu metieniem un septi\u0146us no asto\u0146iem soda metieniem, izc\u012bn\u012bja \u010detras atl\u0113ku\u0161\u0101s bumbas, atdeva se\u0161as rezultat\u012bvas piesp\u0113les, pie\u013c\u0101va vienu k\u013c\u016bdu, \u010detrreiz p\u0101rk\u0101pa noteikumus, izprovoc\u0113ja piecas piez\u012bmes un iekr\u0101ja 13 efektivit\u0101tes koeficienta punktus.<\/p>\n<p class=\"m-0\">Seko &#8220;Delfi&#8221; ar\u012b  <a target=\"_blank\" href=\"https:\/\/www.instagram.com\/delfi.lv\/\" rel=\"nofollow noopener\">Instagram<\/a>  un <a target=\"_blank\" href=\"https:\/\/www.youtube.com\/channel\/UCw5foWtcJvAbUm64rv7jwUQ\" rel=\"nofollow noopener\">YouTube<\/a>  profil\u0101 \u2013 pievienojies, lai uzzin\u0101tu svar\u012bg\u0101ko un interesant\u0101ko pirmais!<\/p>\n<p>Publik\u0101cijas saturs vai t\u0101s jebk\u0101da apjoma da\u013ca ir aizsarg\u0101ts autorties\u012bbu objekts Autorties\u012bbu likuma izpratn\u0113, un t\u0101 izmanto\u0161ana bez izdev\u0113ja at\u013caujas ir aizliegta. Vair\u0101k lasi  <a target=\"_blank\" href=\"https:\/\/www.delfi.lv\/noteikumi#autortiesibas\" rel=\"nofollow noopener\">\u0161eit<\/a><script async src=\"\/\/www.instagram.com\/embed.js\"><\/script><\/p>\n","protected":false},"excerpt":{"rendered":"Latvijas basketbolists K\u0101rlis \u0160ili\u0146\u0161 pievienojies Lietuvas komandai Klaip\u0113das &#8220;Nept\u016bnas&#8221;, otrdien pazi\u0146oja klubs. &#8220;Nept\u016bnas&#8221; m\u0101j\u0101s ar rezult\u0101tu 85:104 (16:25,&hellip;\n","protected":false},"author":2,"featured_media":103708,"comment_status":"","ping_status":"","sticky":false,"template":"","format":"standard","meta":{"footnotes":""},"categories":[17],"tags":[3024,35,39,38,36,37,34,40,5796,8512,67,21255],"class_list":{"0":"post-103707","1":"post","2":"type-post","3":"status-publish","4":"format-standard","5":"has-post-thumbnail","7":"category-sports","8":"tag-karlis-silins","9":"tag-latvia","10":"tag-latvian","11":"tag-latviesu","12":"tag-latviesu-valoda","13":"tag-latviesuvaloda","14":"tag-latvija","15":"tag-lv","16":"tag-ncaa","17":"tag-rihards-lomazs","18":"tag-sports","19":"tag-trabzonspor"},"share_on_mastodon":{"url":"https:\/\/pubeurope.com\/@lv\/115890739085359789","error":""},"_links":{"self":[{"href":"https:\/\/www.europesays.com\/lv\/wp-json\/wp\/v2\/posts\/103707","targetHints":{"allow":["GET"]}}],"collection":[{"href":"https:\/\/www.europesays.com\/lv\/wp-json\/wp\/v2\/posts"}],"about":[{"href":"https:\/\/www.europesays.com\/lv\/wp-json\/wp\/v2\/types\/post"}],"author":[{"embeddable":true,"href":"https:\/\/www.europesays.com\/lv\/wp-json\/wp\/v2\/users\/2"}],"replies":[{"embeddable":true,"href":"https:\/\/www.europesays.com\/lv\/wp-json\/wp\/v2\/comments?post=103707"}],"version-history":[{"count":0,"href":"https:\/\/www.europesays.com\/lv\/wp-json\/wp\/v2\/posts\/103707\/revisions"}],"wp:featuredmedia":[{"embeddable":true,"href":"https:\/\/www.europesays.com\/lv\/wp-json\/wp\/v2\/media\/103708"}],"wp:attachment":[{"href":"https:\/\/www.europesays.com\/lv\/wp-json\/wp\/v2\/media?parent=103707"}],"wp:term":[{"taxonomy":"category","embeddable":true,"href":"https:\/\/www.europesays.com\/lv\/wp-json\/wp\/v2\/categories?post=103707"},{"taxonomy":"post_tag","embeddable":true,"href":"https:\/\/www.europesays.com\/lv\/wp-json\/wp\/v2\/tags?post=103707"}],"curies":[{"name":"wp","href":"https:\/\/api.w.org\/{rel}","templated":true}]}}