{"id":103709,"date":"2026-01-14T01:29:19","date_gmt":"2026-01-14T01:29:19","guid":{"rendered":"https:\/\/www.europesays.com\/lv\/103709\/"},"modified":"2026-01-14T01:29:19","modified_gmt":"2026-01-14T01:29:19","slug":"francija-balsos-pret-es-un-mercosur-tirdzniecibas-ligumu-pazino-makrons-lente-lv-2","status":"publish","type":"post","link":"https:\/\/www.europesays.com\/lv\/103709\/","title":{"rendered":"Francija balsos pret ES un &#8220;Mercosur&#8221; tirdzniec\u012bbas l\u012bgumu, pazi\u0146o Makrons\u00a0\u2014\u00a0Lente.lv"},"content":{"rendered":"<p>Francijas nost\u0101ja pret tirdzniec\u012bbas vieno\u0161anos<\/p>\n<p>Francijas prezidents Emanuels Makrons ceturtdien pazi\u0146oja, ka Francija balsos pret Eiropas Savien\u012bbas (ES) un Dienvidamerikas kop\u0113j\u0101 tirgus (Mercosur) valstu br\u012bv\u0101s tirdzniec\u012bbas nol\u012bgumu. \u0160is l\u0113mums tika pie\u0146emts p\u0113c pla\u0161iem lauksaimnieku protestiem, kas norisin\u0101j\u0101s Par\u012bz\u0113, pau\u017eot neapmierin\u0101t\u012bbu ar vieno\u0161anos.<\/p>\n<p>Lauksaimnieku ba\u017eas un vides standarti<\/p>\n<p>Galvenais iemesls Francijas iebildumiem ir ba\u017eas par at\u0161\u0137ir\u012bgiem ra\u017eo\u0161anas standartiem, \u012bpa\u0161i attiec\u012bb\u0101 uz vides aizsardz\u012bbu un klimata politiku. Francijas lauksaimnieki un uz\u0146\u0113m\u0113ji pau\u017e satraukumu, ka l\u0113t\u0101ki produkti no Mercosur valst\u012bm, kas ra\u017eoti ar maz\u0101k stingriem nosac\u012bjumiem, var\u0113tu negat\u012bvi ietekm\u0113t vi\u0146u konkur\u0113tsp\u0113ju Eiropas tirg\u016b. Prezidents Makrons uzsv\u0113ris, ka l\u012bgums pa\u0161reiz\u0113j\u0101 redakcij\u0101 nav savienojams ar Francijas lauksaimnieku intere\u0161u aizsardz\u012bbu.<\/p>\n<p>Sarunu v\u0113sture un galvenie oponenti<\/p>\n<p>Sarunas par ES un Mercosur tirdzniec\u012bbas l\u012bgumu ir ilgu\u0161as gandr\u012bz 25 gadus, un t\u0101s m\u0113r\u0137is ir izveidot vienu no pasaul\u0113 liel\u0101kaj\u0101m br\u012bv\u0101s tirdzniec\u012bbas zon\u0101m. Lai gan politisk\u0101 vieno\u0161an\u0101s tika pan\u0101kta, t\u0101s pilnv\u0113rt\u012bga st\u0101\u0161an\u0101s sp\u0113k\u0101 prasa visu 27 ES dal\u012bbvalstu apstiprin\u0101jumu. Francijas nost\u0101ju nol\u012bguma pret balso\u0161an\u0101 atbalsta ar\u012b t\u0101das valstis k\u0101 \u012arija un Polija, savuk\u0101rt V\u0101cija un Sp\u0101nija to stingri atbalsta, uzskatot, ka t\u0101 sniegs ekonomisku stimulu.<\/p>\n<p>Protesti un n\u0101kotnes perspekt\u012bvas<\/p>\n<p>Piektdien, 9. janv\u0101r\u012b, paredz\u0113ts bloka dal\u012bbvalstu balsojums par 25 gadus gatavoto l\u012bgumu starp ES un Dienvidamerikas valst\u012bm: Braz\u012bliju, Argent\u012bnu, Urugvaju un Paragvaju. Sagaid\u0101ms, ka nol\u012bgumu atbalst\u012bs vairums ES dal\u012bbvalstu, tom\u0113r Francijas iebildumi var\u0113tu rad\u012bt iev\u0113rojamus \u0161\u0137\u0113r\u0161\u013cus t\u0101 ratifik\u0101cijai. Apmierin\u0101t\u012bba lauksaimnieku vid\u016b nav pan\u0101kta, un vi\u0146i turpina protestus, demonstr\u0113jot savu neapmierin\u0101t\u012bbu ar potenci\u0101lajiem l\u012bguma nosac\u012bjumiem.<\/p>\n","protected":false},"excerpt":{"rendered":"Francijas nost\u0101ja pret tirdzniec\u012bbas vieno\u0161anos Francijas prezidents Emanuels Makrons ceturtdien pazi\u0146oja, ka Francija balsos pret Eiropas Savien\u012bbas (ES)&hellip;\n","protected":false},"author":2,"featured_media":103595,"comment_status":"","ping_status":"","sticky":false,"template":"","format":"standard","meta":{"footnotes":""},"categories":[14],"tags":[23,57,28,29,1310,8978,32,33,1309,22,30,31,35,39,38,36,37,34,2441,40,19950,20,26,27,24,25,54,55,56,21,58],"class_list":{"0":"post-103709","1":"post","2":"type-post","3":"status-publish","4":"format-standard","5":"has-post-thumbnail","7":"category-zinas-no-arvalstim","8":"tag-aktualitates","9":"tag-arvalstim","10":"tag-breaking-news","11":"tag-breakingnews","12":"tag-emanuels-makrons","13":"tag-es","14":"tag-featured-news","15":"tag-featurednews","16":"tag-francija","17":"tag-headlines","18":"tag-latest-news","19":"tag-latestnews","20":"tag-latvia","21":"tag-latvian","22":"tag-latviesu","23":"tag-latviesu-valoda","24":"tag-latviesuvaloda","25":"tag-latvija","26":"tag-lauksaimnieki","27":"tag-lv","28":"tag-mercosur","29":"tag-news","30":"tag-popularakas-zinas","31":"tag-popularakaszinas","32":"tag-top-stories","33":"tag-topstories","34":"tag-world","35":"tag-world-news","36":"tag-worldnews","37":"tag-zinas","38":"tag-zinas-no-arvalstim"},"share_on_mastodon":{"url":"https:\/\/pubeurope.com\/@lv\/115890864964482129","error":""},"_links":{"self":[{"href":"https:\/\/www.europesays.com\/lv\/wp-json\/wp\/v2\/posts\/103709","targetHints":{"allow":["GET"]}}],"collection":[{"href":"https:\/\/www.europesays.com\/lv\/wp-json\/wp\/v2\/posts"}],"about":[{"href":"https:\/\/www.europesays.com\/lv\/wp-json\/wp\/v2\/types\/post"}],"author":[{"embeddable":true,"href":"https:\/\/www.europesays.com\/lv\/wp-json\/wp\/v2\/users\/2"}],"replies":[{"embeddable":true,"href":"https:\/\/www.europesays.com\/lv\/wp-json\/wp\/v2\/comments?post=103709"}],"version-history":[{"count":0,"href":"https:\/\/www.europesays.com\/lv\/wp-json\/wp\/v2\/posts\/103709\/revisions"}],"wp:featuredmedia":[{"embeddable":true,"href":"https:\/\/www.europesays.com\/lv\/wp-json\/wp\/v2\/media\/103595"}],"wp:attachment":[{"href":"https:\/\/www.europesays.com\/lv\/wp-json\/wp\/v2\/media?parent=103709"}],"wp:term":[{"taxonomy":"category","embeddable":true,"href":"https:\/\/www.europesays.com\/lv\/wp-json\/wp\/v2\/categories?post=103709"},{"taxonomy":"post_tag","embeddable":true,"href":"https:\/\/www.europesays.com\/lv\/wp-json\/wp\/v2\/tags?post=103709"}],"curies":[{"name":"wp","href":"https:\/\/api.w.org\/{rel}","templated":true}]}}