{"id":103714,"date":"2026-01-14T01:51:08","date_gmt":"2026-01-14T01:51:08","guid":{"rendered":"https:\/\/www.europesays.com\/lv\/103714\/"},"modified":"2026-01-14T01:51:08","modified_gmt":"2026-01-14T01:51:08","slug":"daniels-murnieks-un-nauris-sejejs-iemet-alpu-regiona-andersonam-gara-punktu-serija-hokejs-sportacentrs-com","status":"publish","type":"post","link":"https:\/\/www.europesays.com\/lv\/103714\/","title":{"rendered":"Daniels M\u016brnieks un Nauris S\u0113j\u0113js iemet Alpu re\u0123ion\u0101, Andersonam gara punktu s\u0113rija \u2013 Hokejs \u2013 Sportacentrs.com"},"content":{"rendered":"<p>23 gadniekam It\u0101lijas pierobe\u017e\u0101 pavisam pieci metieni r\u0101m\u012b un p\u0101r\u0101kums pus\u0113 no 20 iemetieniem.<\/p>\n<p>Amj\u0113nas 0:1 klupien\u0101 bull\u012b\u0161os Marse\u013c\u0101 J\u0101nim \u0160vanenbergam (27; 5+9) izdev\u0101s g\u016bt virsroku 11 no 17 iemetieniem, toties v\u0113l\u0101k netika izmantots izg\u0101jiens pret v\u0101rtsargu.<\/p>\n<p>25 gadus vecajam uzbruc\u0113jam Ri\u010dardam Gr\u012bnbergam (26; 2+3) \u0160amon\u012b sak\u0101v\u0113 (2:8) Ser\u017e\u012b-Pontu\u0101z\u0101 tr\u012bs metieni pa v\u0101rtiem. Tikpat ar\u012b Francij\u0101 jau ilgus gadus sp\u0113l\u0113jo\u0161ajam Rolandam V\u012bgneram (18; 4+8) Ru\u0101nas &#8220;Dragons&#8221; 6:2 uzvar\u0101 p\u0101r Bordo.<\/p>\n<p>\u0160veices otraj\u0101 sp\u0113c\u012bg\u0101kaj\u0101 l\u012bg\u0101 Kisnahtas &#8220;Lions&#8221; 3:4 klupien\u0101 pret &#8220;Arosa&#8221; aizsargs Nauris S\u0113j\u0113js (38; 4+12) iemeta savu pirmo ripu kop\u0161 28. oktobra. 24 gadus vecajam hokejistam 19 min\u016b\u0161u laik\u0101 pavisam \u010detri veikti un viens blo\u0137\u0113ts metiens.<\/p>\n<p>&#8220;Arosa&#8221; rind\u0101s sest\u0101 ripa p\u0113d\u0113j\u0101s septi\u0146\u0101s c\u012b\u0146\u0101s lietuvietim Em\u012blijam Krakauskam (39; 15+15), bet Rod\u017eers Bukarts (39; 6+10) 13 ar pusi min\u016bt\u0113s nopeln\u012bja punktu par piesp\u0113li, tr\u012bsreiz meta pa v\u0101rtiem un bija veikl\u0101ks vien\u0101 no diviem iemetieniem.<\/p>\n<p>Rezultat\u012bvi piesp\u0113l\u0113ja ar\u012b &#8220;La Chaux-de-Fonds&#8221; kapteinis Toms Andersons (33; 10+27), kuram vismaz pa punktam p\u0113d\u0113j\u0101s septi\u0146\u0101s sp\u0113l\u0113s. 32 gadus vecajam uzbruc\u0113jam 20 min\u016b\u0161u laik\u0101 tr\u012bs izdar\u012bti un viens blo\u0137\u0113ts metiens.<\/p>\n<p>Sacens\u012bbu vietnes:<br \/><a target=\"_blank\" href=\"https:\/\/liguemagnus.com\/calendrier-resultats\/\" rel=\"nofollow noopener\">https:\/\/liguemagnus.com\/calendrier-&#8230;<\/a><br \/><a target=\"_blank\" href=\"https:\/\/www.sihf.ch\/de\/game-center\/sky-swiss-league\/#\/today\/league\/asc\/page\/0\/\" rel=\"nofollow noopener\">https:\/\/www.sihf.ch\/de\/game-center\/&#8230;<\/a><\/p>\n","protected":false},"excerpt":{"rendered":"23 gadniekam It\u0101lijas pierobe\u017e\u0101 pavisam pieci metieni r\u0101m\u012b un p\u0101r\u0101kums pus\u0113 no 20 iemetieniem. Amj\u0113nas 0:1 klupien\u0101 bull\u012b\u0161os&hellip;\n","protected":false},"author":2,"featured_media":103715,"comment_status":"","ping_status":"","sticky":false,"template":"","format":"standard","meta":{"footnotes":""},"categories":[17],"tags":[394,35,39,38,36,37,34,40,67],"class_list":{"0":"post-103714","1":"post","2":"type-post","3":"status-publish","4":"format-standard","5":"has-post-thumbnail","7":"category-sports","8":"tag-hokejs","9":"tag-latvia","10":"tag-latvian","11":"tag-latviesu","12":"tag-latviesu-valoda","13":"tag-latviesuvaloda","14":"tag-latvija","15":"tag-lv","16":"tag-sports"},"share_on_mastodon":{"url":"https:\/\/pubeurope.com\/@lv\/115890951475270256","error":""},"_links":{"self":[{"href":"https:\/\/www.europesays.com\/lv\/wp-json\/wp\/v2\/posts\/103714","targetHints":{"allow":["GET"]}}],"collection":[{"href":"https:\/\/www.europesays.com\/lv\/wp-json\/wp\/v2\/posts"}],"about":[{"href":"https:\/\/www.europesays.com\/lv\/wp-json\/wp\/v2\/types\/post"}],"author":[{"embeddable":true,"href":"https:\/\/www.europesays.com\/lv\/wp-json\/wp\/v2\/users\/2"}],"replies":[{"embeddable":true,"href":"https:\/\/www.europesays.com\/lv\/wp-json\/wp\/v2\/comments?post=103714"}],"version-history":[{"count":0,"href":"https:\/\/www.europesays.com\/lv\/wp-json\/wp\/v2\/posts\/103714\/revisions"}],"wp:featuredmedia":[{"embeddable":true,"href":"https:\/\/www.europesays.com\/lv\/wp-json\/wp\/v2\/media\/103715"}],"wp:attachment":[{"href":"https:\/\/www.europesays.com\/lv\/wp-json\/wp\/v2\/media?parent=103714"}],"wp:term":[{"taxonomy":"category","embeddable":true,"href":"https:\/\/www.europesays.com\/lv\/wp-json\/wp\/v2\/categories?post=103714"},{"taxonomy":"post_tag","embeddable":true,"href":"https:\/\/www.europesays.com\/lv\/wp-json\/wp\/v2\/tags?post=103714"}],"curies":[{"name":"wp","href":"https:\/\/api.w.org\/{rel}","templated":true}]}}