{"id":103716,"date":"2026-01-14T01:57:13","date_gmt":"2026-01-14T01:57:13","guid":{"rendered":"https:\/\/www.europesays.com\/lv\/103716\/"},"modified":"2026-01-14T01:57:13","modified_gmt":"2026-01-14T01:57:13","slug":"madrides-real-skiras-no-galvena-trenera-alonso-3","status":"publish","type":"post","link":"https:\/\/www.europesays.com\/lv\/103716\/","title":{"rendered":"Madrides \u00abReal\u00bb \u0161\u0137iras no galven\u0101 trenera Alonso"},"content":{"rendered":"<p>Sp\u0101nijas futbola klubs Madrides &#8220;Real&#8221; \u0161\u0137\u012bries no galven\u0101 trenera \u0160avjera Alonso, v\u0113sta vien\u012bba.<\/p>\n<p>Alonso p\u0101r\u0146\u0113ma kluba vad\u012bbu j\u016bnija s\u0101kum\u0101, un vieno\u0161an\u0101s tika nosl\u0113gta uz tr\u012bs sezon\u0101m.<\/p>\n<p>Madridie\u0161i sv\u0113tdien Sp\u0101nijas Superkaus\u0101 zaud\u0113ja principi\u0101lajai s\u0101ncensei &#8220;Barcelona&#8221;. Sp\u0101nijas meistarsac\u012bkst\u0113s komanda ie\u0146em otro vietu, \u010detrus punktus atpaliekot no barselonie\u0161iem, bet UEFA \u010cempionu l\u012bg\u0101 atrodas sept\u012btaj\u0101 poz\u012bcij\u0101.<\/p>\n<p>44 gadus vecais speci\u0101lists kop\u0161 2022. gada vad\u012bja V\u0101cijas futbola bundesl\u012bgas klubu Leverk\u016bzenes &#8220;Bayer&#8221;, p\u0101r\u0146emot komandas vad\u012bbu, kad t\u0101 bija tuvu izkri\u0161anai no l\u012bgas. Alonso kop\u0101 ar Leverk\u016bzenes klubu 2023.\/2024. gada sezon\u0101 pirmoreiz uzvar\u0113ja bundesl\u012bg\u0101, k\u0101 ar\u012b izc\u012bn\u012bja V\u0101cijas kausu.<\/p>\n<p>Alonso, kur\u0161 futbolista karjeru nosl\u0113dza tikai 2017. gad\u0101, trenera karjeru s\u0101ka 2019. gad\u0101, kad k\u013cuva par Sp\u0101nijas kluba Sansevastjanas &#8220;Real Sociedad&#8221; otr\u0101s komandas st\u016brmani.<\/p>\n<p>Alonso sp\u0113l\u0113t\u0101ja karjeras laik\u0101 Sp\u0101nijas izlases rind\u0101s k\u013cuva par 2010. gada Pasaules kausa ieguv\u0113ju, k\u0101 ar\u012b triumf\u0113ja 2008. un 2012. gada Eiropas \u010dempion\u0101tos.<\/p>\n<p>\n                            Valodas k\u013c\u016bda rakst\u0101?<br \/>Iez\u012bm\u0113jiet tekstu un spiediet Zi\u0146ot par k\u013c\u016bdu pogas   , lai nos\u016bt\u012btu labojamo teksta fragmentu redaktoram!<\/p>\n<p>                                Zi\u0146ot par k\u013c\u016bdu<\/p>\n","protected":false},"excerpt":{"rendered":"Sp\u0101nijas futbola klubs Madrides &#8220;Real&#8221; \u0161\u0137\u012bries no galven\u0101 trenera \u0160avjera Alonso, v\u0113sta vien\u012bba. Alonso p\u0101r\u0146\u0113ma kluba vad\u012bbu j\u016bnija&hellip;\n","protected":false},"author":2,"featured_media":103717,"comment_status":"","ping_status":"","sticky":false,"template":"","format":"standard","meta":{"footnotes":""},"categories":[17],"tags":[35,39,38,36,37,34,40,67],"class_list":{"0":"post-103716","1":"post","2":"type-post","3":"status-publish","4":"format-standard","5":"has-post-thumbnail","7":"category-sports","8":"tag-latvia","9":"tag-latvian","10":"tag-latviesu","11":"tag-latviesu-valoda","12":"tag-latviesuvaloda","13":"tag-latvija","14":"tag-lv","15":"tag-sports"},"share_on_mastodon":{"url":"https:\/\/pubeurope.com\/@lv\/115890975102705858","error":""},"_links":{"self":[{"href":"https:\/\/www.europesays.com\/lv\/wp-json\/wp\/v2\/posts\/103716","targetHints":{"allow":["GET"]}}],"collection":[{"href":"https:\/\/www.europesays.com\/lv\/wp-json\/wp\/v2\/posts"}],"about":[{"href":"https:\/\/www.europesays.com\/lv\/wp-json\/wp\/v2\/types\/post"}],"author":[{"embeddable":true,"href":"https:\/\/www.europesays.com\/lv\/wp-json\/wp\/v2\/users\/2"}],"replies":[{"embeddable":true,"href":"https:\/\/www.europesays.com\/lv\/wp-json\/wp\/v2\/comments?post=103716"}],"version-history":[{"count":0,"href":"https:\/\/www.europesays.com\/lv\/wp-json\/wp\/v2\/posts\/103716\/revisions"}],"wp:featuredmedia":[{"embeddable":true,"href":"https:\/\/www.europesays.com\/lv\/wp-json\/wp\/v2\/media\/103717"}],"wp:attachment":[{"href":"https:\/\/www.europesays.com\/lv\/wp-json\/wp\/v2\/media?parent=103716"}],"wp:term":[{"taxonomy":"category","embeddable":true,"href":"https:\/\/www.europesays.com\/lv\/wp-json\/wp\/v2\/categories?post=103716"},{"taxonomy":"post_tag","embeddable":true,"href":"https:\/\/www.europesays.com\/lv\/wp-json\/wp\/v2\/tags?post=103716"}],"curies":[{"name":"wp","href":"https:\/\/api.w.org\/{rel}","templated":true}]}}