{"id":103718,"date":"2026-01-14T02:37:09","date_gmt":"2026-01-14T02:37:09","guid":{"rendered":"https:\/\/www.europesays.com\/lv\/103718\/"},"modified":"2026-01-14T02:37:09","modified_gmt":"2026-01-14T02:37:09","slug":"tie-kam-gruti-iztirit-piesnigusos-privatos-celus-ludzas-novada-var-sanemt-palidzibu","status":"publish","type":"post","link":"https:\/\/www.europesays.com\/lv\/103718\/","title":{"rendered":"Tie, kam gr\u016bti izt\u012br\u012bt piesnigu\u0161os priv\u0101tos ce\u013cus, Ludzas novad\u0101 var sa\u0146emt pal\u012bdz\u012bbu"},"content":{"rendered":"<p data-end=\"207\" data-start=\"0\">Atbalstam var pieteikties personas, kuru deklar\u0113t\u0101 un faktisk\u0101 dz\u012bvesvieta atrodas Ludzas novada administrat\u012bvaj\u0101 teritorij\u0101, ja t\u0101s atbilst k\u0101dai no noteiktaj\u0101m iedz\u012bvot\u0101ju kategorij\u0101m. Pal\u012bdz\u012bba paredz\u0113ta vientu\u013c\u0101m pensijas vecuma person\u0101m, m\u0101jsaimniec\u012bb\u0101m, kur\u0101s dz\u012bvo personas ar 1. vai 2. grupas invalidit\u0101ti vai b\u0113rns ar invalidit\u0101ti, k\u0101 ar\u012b tr\u016bc\u012bg\u0101m un maznodro\u0161in\u0101t\u0101m m\u0101jsaimniec\u012bb\u0101m. T\u0101pat atbalstu var sa\u0146emt m\u0101jsaimniec\u012bbas, kur\u0101s dz\u012bvo b\u0113rni \u2013 Ludzas novada pa\u0161vald\u012bbas izgl\u012bt\u012bbas iest\u0101\u017eu izgl\u012btojamie, k\u0101 ar\u012b m\u0101jsaimniec\u012bbas, kur\u0101s dz\u012bvo tikai pensijas vecuma personas.<\/p>\n","protected":false},"excerpt":{"rendered":"Atbalstam var pieteikties personas, kuru deklar\u0113t\u0101 un faktisk\u0101 dz\u012bvesvieta atrodas Ludzas novada administrat\u012bvaj\u0101 teritorij\u0101, ja t\u0101s atbilst k\u0101dai&hellip;\n","protected":false},"author":2,"featured_media":103719,"comment_status":"","ping_status":"","sticky":false,"template":"","format":"standard","meta":{"footnotes":""},"categories":[5],"tags":[23,28,29,32,33,22,30,31,35,39,38,36,37,34,40,20,26,27,24,25,21],"class_list":{"0":"post-103718","1":"post","2":"type-post","3":"status-publish","4":"format-standard","5":"has-post-thumbnail","7":"category-aktualitates","8":"tag-aktualitates","9":"tag-breaking-news","10":"tag-breakingnews","11":"tag-featured-news","12":"tag-featurednews","13":"tag-headlines","14":"tag-latest-news","15":"tag-latestnews","16":"tag-latvia","17":"tag-latvian","18":"tag-latviesu","19":"tag-latviesu-valoda","20":"tag-latviesuvaloda","21":"tag-latvija","22":"tag-lv","23":"tag-news","24":"tag-popularakas-zinas","25":"tag-popularakaszinas","26":"tag-top-stories","27":"tag-topstories","28":"tag-zinas"},"share_on_mastodon":{"url":"https:\/\/pubeurope.com\/@lv\/115891132352788974","error":""},"_links":{"self":[{"href":"https:\/\/www.europesays.com\/lv\/wp-json\/wp\/v2\/posts\/103718","targetHints":{"allow":["GET"]}}],"collection":[{"href":"https:\/\/www.europesays.com\/lv\/wp-json\/wp\/v2\/posts"}],"about":[{"href":"https:\/\/www.europesays.com\/lv\/wp-json\/wp\/v2\/types\/post"}],"author":[{"embeddable":true,"href":"https:\/\/www.europesays.com\/lv\/wp-json\/wp\/v2\/users\/2"}],"replies":[{"embeddable":true,"href":"https:\/\/www.europesays.com\/lv\/wp-json\/wp\/v2\/comments?post=103718"}],"version-history":[{"count":0,"href":"https:\/\/www.europesays.com\/lv\/wp-json\/wp\/v2\/posts\/103718\/revisions"}],"wp:featuredmedia":[{"embeddable":true,"href":"https:\/\/www.europesays.com\/lv\/wp-json\/wp\/v2\/media\/103719"}],"wp:attachment":[{"href":"https:\/\/www.europesays.com\/lv\/wp-json\/wp\/v2\/media?parent=103718"}],"wp:term":[{"taxonomy":"category","embeddable":true,"href":"https:\/\/www.europesays.com\/lv\/wp-json\/wp\/v2\/categories?post=103718"},{"taxonomy":"post_tag","embeddable":true,"href":"https:\/\/www.europesays.com\/lv\/wp-json\/wp\/v2\/tags?post=103718"}],"curies":[{"name":"wp","href":"https:\/\/api.w.org\/{rel}","templated":true}]}}