{"id":103720,"date":"2026-01-14T02:40:07","date_gmt":"2026-01-14T02:40:07","guid":{"rendered":"https:\/\/www.europesays.com\/lv\/103720\/"},"modified":"2026-01-14T02:40:07","modified_gmt":"2026-01-14T02:40:07","slug":"2025-gada-volkswagen-grupa-piegadajusi-gandriz-miljonu-elektroautomobilu","status":"publish","type":"post","link":"https:\/\/www.europesays.com\/lv\/103720\/","title":{"rendered":"2025. gad\u0101 Volkswagen grupa pieg\u0101d\u0101jusi gandr\u012bz miljonu elektroautomobi\u013cu"},"content":{"rendered":"<p>P\u0113rn Volkswagen koncerns un taj\u0101 ietilpsto\u0161ie z\u012bmoli b\u016btiski palielin\u0101ju\u0161i elektroautomobi\u013cu pieg\u0101des, vis\u0101 pasaul\u0113 sasniedzot gandr\u012bz vienu miljonu jeb 983 t\u016bksto\u0161us BEV, kas ir par 32 % vair\u0101k nek\u0101 gadu iepriek\u0161.<\/p>\n<p>Elektroauto \u012bpatsvars koncerna kop\u0113j\u0101s pieg\u0101d\u0113s pirmo reizi p\u0101rsniedza 10 %, lai gan kop\u0113jais p\u0101rdoto automobi\u013cu skaits nedaudz samazin\u0101j\u0101s l\u012bdz 8,98 miljoniem vien\u012bbu.<\/p>\n<p>Strauj\u0101k\u0101 izaugsme bija Eirop\u0101, kur elektroautomobi\u013cu p\u0101rdo\u0161ana pieauga par 66 % un sasniedza aptuveni 744 t\u016bksto\u0161us vien\u012bbu. Savuk\u0101rt \u0136\u012bn\u0101 un ASV p\u0101rdo\u0161anas apjomi krit\u0101s, ko ietekm\u0113ja sp\u0113c\u012bga konkurence, tarifi un subs\u012bdiju samazin\u0101\u0161ana.<\/p>\n<p>P\u0101rskatot atsevi\u0161\u0137u z\u012bmolu veikumu, j\u0101izce\u013c pats Volkswagen, kas 2025. gad\u0101 pieg\u0101d\u0101ja aptuveni 382 t\u016bksto\u0161us elektroauto, \u012bpa\u0161i labus rezult\u0101tus uzr\u0101dot V\u0101cij\u0101 un Eirop\u0101, ko veicin\u0101ja flagmanis ID.7. Cupra p\u0101rdeva gandr\u012bz 80 t\u016bksto\u0161us elektroautomobi\u013cu, un BEV automobi\u013ci veidoja jau gandr\u012bz ceturto da\u013cu no z\u012bmola kop\u0113j\u0101 apjoma.<\/p>\n<p>Stingri aizliegts iAuto.lv public\u0113tos materi\u0101lus izmantot, kop\u0113t vai reproduc\u0113t citos interneta port\u0101los, masu inform\u0101cijas l\u012bdzek\u013cos vai k\u0101 cit\u0101di r\u012bkoties ar iAuto.lv public\u0113tajiem materi\u0101liem bez rakstiskas EON SIA at\u013caujas sa\u0146em\u0161anas.<\/p>\n","protected":false},"excerpt":{"rendered":"P\u0113rn Volkswagen koncerns un taj\u0101 ietilpsto\u0161ie z\u012bmoli b\u016btiski palielin\u0101ju\u0161i elektroautomobi\u013cu pieg\u0101des, vis\u0101 pasaul\u0113 sasniedzot gandr\u012bz vienu miljonu jeb&hellip;\n","protected":false},"author":2,"featured_media":103721,"comment_status":"","ping_status":"","sticky":false,"template":"","format":"standard","meta":{"footnotes":""},"categories":[16],"tags":[25031,77,76,35,39,38,36,37,34,40],"class_list":{"0":"post-103720","1":"post","2":"type-post","3":"status-publish","4":"format-standard","5":"has-post-thumbnail","7":"category-bizness","8":"tag-2025-gada-volkswagen-grupa-pardevusi-gandriz-miljonu-elektroautomobilu","9":"tag-bizness","10":"tag-business","11":"tag-latvia","12":"tag-latvian","13":"tag-latviesu","14":"tag-latviesu-valoda","15":"tag-latviesuvaloda","16":"tag-latvija","17":"tag-lv"},"share_on_mastodon":{"url":"https:\/\/pubeurope.com\/@lv\/115891144148203182","error":""},"_links":{"self":[{"href":"https:\/\/www.europesays.com\/lv\/wp-json\/wp\/v2\/posts\/103720","targetHints":{"allow":["GET"]}}],"collection":[{"href":"https:\/\/www.europesays.com\/lv\/wp-json\/wp\/v2\/posts"}],"about":[{"href":"https:\/\/www.europesays.com\/lv\/wp-json\/wp\/v2\/types\/post"}],"author":[{"embeddable":true,"href":"https:\/\/www.europesays.com\/lv\/wp-json\/wp\/v2\/users\/2"}],"replies":[{"embeddable":true,"href":"https:\/\/www.europesays.com\/lv\/wp-json\/wp\/v2\/comments?post=103720"}],"version-history":[{"count":0,"href":"https:\/\/www.europesays.com\/lv\/wp-json\/wp\/v2\/posts\/103720\/revisions"}],"wp:featuredmedia":[{"embeddable":true,"href":"https:\/\/www.europesays.com\/lv\/wp-json\/wp\/v2\/media\/103721"}],"wp:attachment":[{"href":"https:\/\/www.europesays.com\/lv\/wp-json\/wp\/v2\/media?parent=103720"}],"wp:term":[{"taxonomy":"category","embeddable":true,"href":"https:\/\/www.europesays.com\/lv\/wp-json\/wp\/v2\/categories?post=103720"},{"taxonomy":"post_tag","embeddable":true,"href":"https:\/\/www.europesays.com\/lv\/wp-json\/wp\/v2\/tags?post=103720"}],"curies":[{"name":"wp","href":"https:\/\/api.w.org\/{rel}","templated":true}]}}