{"id":103726,"date":"2026-01-14T02:57:11","date_gmt":"2026-01-14T02:57:11","guid":{"rendered":"https:\/\/www.europesays.com\/lv\/103726\/"},"modified":"2026-01-14T02:57:11","modified_gmt":"2026-01-14T02:57:11","slug":"zoriks-atrod-klubu-italija-silins-dosies-uz-cita-latviesa-parstaveto-vienibu","status":"publish","type":"post","link":"https:\/\/www.europesays.com\/lv\/103726\/","title":{"rendered":"Zoriks atrod klubu It\u0101lij\u0101, \u0160ili\u0146\u0161 dosies uz cita latvie\u0161a p\u0101rst\u0101v\u0113to vien\u012bbu"},"content":{"rendered":"<p>                                <img decoding=\"async\" src=\"https:\/\/www.europesays.com\/lv\/wp-content\/uploads\/2026\/01\/12327118-750x450.jpg\"   alt=\"Kristers Zoriks\" class=\"post-featured-image\"\/><\/p>\n<p>Kristers Zoriks | Foto: EPA\/TOMS KALNINS<\/p>\n<p>Latvijas basketbolists <a href=\"https:\/\/www.sportazinas.com\/atsl\u0113gv\u0101rdi\/kristers-zoriks\/\" rel=\"nofollow noopener\" target=\"_blank\">Kristers Zoriks<\/a> pievienojies It\u0101lijas A s\u0113rijas komandai \u201cUdine\u201d, v\u0113sta klubs. \u201cUdine\u201d ar se\u0161\u0101m uzvar\u0101m 15 ma\u010dos \u0161obr\u012bd ie\u0146em dev\u012bto vietu 15 komandu konkurenc\u0113.<\/p>\n<p>Iepriek\u0161\u0113j\u0101 ned\u0113\u013c\u0101 Zoriks vienoj\u0101s ar Sp\u0101nijas augst\u0101k\u0101s l\u012bgas (ACB) klubu \u201cLleida\u201d par l\u012bguma lau\u0161anu. \u0160aj\u0101 sezon\u0101 Zoriks ACB l\u012bg\u0101 aizvad\u012bja 14 ma\u010dus, kuros vid\u0113ji guva 4,2 punktus, atdeva 1,6 rezultat\u012bvas piesp\u0113les un izc\u012bn\u012bja 0,9 atl\u0113ku\u0161\u0101s bumbas zem groziem.<\/p>\n<p>Aizvad\u012btaj\u0101 sezon\u0101 Zoriks p\u0101rst\u0101v\u0113ja fran\u010du klubu \u201cLe Portel\u201d, kam pal\u012bdz\u0113ja nosarg\u0101t vietu Francijas augst\u0101kaj\u0101 l\u012bg\u0101. Latvijas basketbolists regul\u0101raj\u0101 sezon\u0101 30 ma\u010dos vid\u0113ji izc\u0113l\u0101s ar 11,1 punktu un 3,5 rezultat\u012bv\u0101m piesp\u0113l\u0113m, bet p\u0113c sp\u0113ka otr\u0101s l\u012bgas izsl\u0113g\u0161anas turn\u012bra septi\u0146\u0101s sp\u0113l\u0113s caurm\u0113r\u0101 guva 11,7 punktus un iekr\u0101ja 3,7 rezultat\u012bvas piesp\u0113les.<\/p>\n<p>Pirms tam Zoriks vienu sezonu sp\u0113l\u0113ja Turcijas \u010dempion\u0101ta vien\u012bb\u0101 Izmiras \u201cPetkim Spor\u201d, kurai pievienoj\u0101s p\u0113c tr\u012bs sezon\u0101m Latvijas komand\u0101 \u201cVEF R\u012bga\u201d. Zoriks pirms tam sp\u0113l\u0113ja Nacion\u0101laj\u0101 koled\u017eu sporta asoci\u0101cij\u0101 (NCAA).<\/p>\n<p>Turcijas \u010dempion\u0101ta vien\u012bba Trabzonas \u201cTrabzonspor\u201d p\u0101rtraukusi sadarb\u012bbu ar Latvijas basketbola izlases sp\u0113l\u0113t\u0101ju K\u0101rli \u0160ili\u0146u, kur\u0161, visticam\u0101k, karjeru turpin\u0101s Klaip\u0113das \u201cNept\u016bnas\u201d komand\u0101. Lietuvas mediji v\u0113sta, ka \u0160ili\u0146\u0161 k\u013c\u016bs par Riharda Loma\u017ea komandas biedru \u201cNept\u016bnas\u201d klub\u0101, kas sp\u0113l\u0113 ULEB Eirokaus\u0101.<\/p>\n<p>28 gadus vecais centra sp\u0113l\u0113t\u0101js \u201cTrabzonspor\u201d pievienoj\u0101s pirms \u0161\u012bs sezonas un Turcijas \u010dempion\u0101t\u0101 aizvad\u012bja asto\u0146as sp\u0113l\u0113s, vid\u0113ji ma\u010d\u0101 izce\u013coties ar \u010detriem punktiem, 1,1 atl\u0113ku\u0161o bumbu zem groziem un 0,3 rezultat\u012bv\u0101m piesp\u0113l\u0113m.<\/p>\n<p>Pag\u0101ju\u0161o sezonu \u0160ili\u0146\u0161 s\u0101ka It\u0101lijas A s\u0113rijas vien\u012bb\u0101 \u201cPistoia\u201d, bet marta s\u0101kum\u0101 p\u0101rc\u0113l\u0101s uz Sp\u0101nijas augst\u0101k\u0101s l\u012bgas (ACB) komandu \u201cCoruna\u201d, kuras rind\u0101s ar\u012b nosl\u0113dza sezonu.<\/p>\n<p>Pirms pievieno\u0161an\u0101s \u201cPistoia\u201d vi\u0146\u0161 vienu sezonu p\u0101rst\u0101v\u0113ja V\u0101cijas bundesl\u012bgas komandu \u201cGottingen\u201d. Savuk\u0101rt pirms do\u0161an\u0101s uz V\u0101ciju \u0160ili\u0146\u0161 kop\u0161 2021. gada p\u0101rst\u0101v\u0113ja \u201cLiep\u0101ju\u201d, kurai pievienoj\u0101s p\u0113c \u010detr\u0101m sezon\u0101m Nacion\u0101l\u0101s koled\u017eu sporta asoci\u0101cijas (NCAA) \u010dempion\u0101t\u0101. \u201cTrabzonspor\u201d ar desmit uzvar\u0101m 15 sp\u0113l\u0113s Turcijas superl\u012bgas kopv\u0113rt\u0113jum\u0101 ie\u0146em piekto poz\u012bciju.<\/p>\n","protected":false},"excerpt":{"rendered":"Kristers Zoriks | Foto: EPA\/TOMS KALNINS Latvijas basketbolists Kristers Zoriks pievienojies It\u0101lijas A s\u0113rijas komandai \u201cUdine\u201d, v\u0113sta klubs.&hellip;\n","protected":false},"author":2,"featured_media":103727,"comment_status":"","ping_status":"","sticky":false,"template":"","format":"standard","meta":{"footnotes":""},"categories":[17],"tags":[35,39,38,36,37,34,40,67],"class_list":{"0":"post-103726","1":"post","2":"type-post","3":"status-publish","4":"format-standard","5":"has-post-thumbnail","7":"category-sports","8":"tag-latvia","9":"tag-latvian","10":"tag-latviesu","11":"tag-latviesu-valoda","12":"tag-latviesuvaloda","13":"tag-latvija","14":"tag-lv","15":"tag-sports"},"share_on_mastodon":{"url":"https:\/\/pubeurope.com\/@lv\/115891211020132897","error":""},"_links":{"self":[{"href":"https:\/\/www.europesays.com\/lv\/wp-json\/wp\/v2\/posts\/103726","targetHints":{"allow":["GET"]}}],"collection":[{"href":"https:\/\/www.europesays.com\/lv\/wp-json\/wp\/v2\/posts"}],"about":[{"href":"https:\/\/www.europesays.com\/lv\/wp-json\/wp\/v2\/types\/post"}],"author":[{"embeddable":true,"href":"https:\/\/www.europesays.com\/lv\/wp-json\/wp\/v2\/users\/2"}],"replies":[{"embeddable":true,"href":"https:\/\/www.europesays.com\/lv\/wp-json\/wp\/v2\/comments?post=103726"}],"version-history":[{"count":0,"href":"https:\/\/www.europesays.com\/lv\/wp-json\/wp\/v2\/posts\/103726\/revisions"}],"wp:featuredmedia":[{"embeddable":true,"href":"https:\/\/www.europesays.com\/lv\/wp-json\/wp\/v2\/media\/103727"}],"wp:attachment":[{"href":"https:\/\/www.europesays.com\/lv\/wp-json\/wp\/v2\/media?parent=103726"}],"wp:term":[{"taxonomy":"category","embeddable":true,"href":"https:\/\/www.europesays.com\/lv\/wp-json\/wp\/v2\/categories?post=103726"},{"taxonomy":"post_tag","embeddable":true,"href":"https:\/\/www.europesays.com\/lv\/wp-json\/wp\/v2\/tags?post=103726"}],"curies":[{"name":"wp","href":"https:\/\/api.w.org\/{rel}","templated":true}]}}