{"id":103730,"date":"2026-01-14T03:11:14","date_gmt":"2026-01-14T03:11:14","guid":{"rendered":"https:\/\/www.europesays.com\/lv\/103730\/"},"modified":"2026-01-14T03:11:14","modified_gmt":"2026-01-14T03:11:14","slug":"ukrainas-droni-pie-novorosijskas-devusi-triecienu-diviem-tankkugiem","status":"publish","type":"post","link":"https:\/\/www.europesays.com\/lv\/103730\/","title":{"rendered":"Ukrainas droni pie Novorosijskas devu\u0161i triecienu diviem tankku\u0123iem"},"content":{"rendered":"<p>K\u0101 teiku\u0161i Krem\u013ca propagandas medija \u201cRIA Novosti\u201d avoti, tankku\u0123iem \u201cUkrainas dronu triecienu rezult\u0101t\u0101 boj\u0101tas kravas iek\u0101rtas, ta\u010du tie nav zaud\u0113ju\u0161i peldsp\u0113ju\u201d.<\/p>\n<p>Faktu par uzbrukumu tankku\u0123im \u201cMatilda\u201d apstiprin\u0101ja uz\u0146\u0113mums \u201cKazMunayGas\u201d.<\/p>\n<p>Ku\u0123i bija nofrakt\u0113jis \u201cKazMunayGas\u201d meitasuz\u0146\u0113mums, teikts pazi\u0146ojum\u0101.<\/p>\n<p>Trieciena rezult\u0101t\u0101 notika spr\u0101dziens, tom\u0113r aizdeg\u0161an\u0101s nenotika. Apkalpes locek\u013cu vid\u016b nav cietu\u0161o, ku\u0123is joproj\u0101m ir ku\u0123otsp\u0113j\u012bgs, nor\u0101d\u012bja uz\u0146\u0113mums.<\/p>\n<p class=\"tv3-fw-500\">Zi\u0146o par k\u013c\u016bdu rakst\u0101<\/p>\n<p class=\"d-md-block d-none\">Iez\u012bm\u0113 k\u013c\u016bdaino tekstu un spied Ctrl+Enter.<\/p>\n<p class=\"d-md-none d-block\">Iez\u012bm\u0113 k\u013c\u016bdaino tekstu un zi\u0146o par to!<\/p>\n","protected":false},"excerpt":{"rendered":"K\u0101 teiku\u0161i Krem\u013ca propagandas medija \u201cRIA Novosti\u201d avoti, tankku\u0123iem \u201cUkrainas dronu triecienu rezult\u0101t\u0101 boj\u0101tas kravas iek\u0101rtas, ta\u010du tie&hellip;\n","protected":false},"author":2,"featured_media":103731,"comment_status":"","ping_status":"","sticky":false,"template":"","format":"standard","meta":{"footnotes":""},"categories":[14],"tags":[23,57,28,29,32,33,22,3354,30,31,35,39,38,36,37,34,40,20,26,27,24,25,54,55,56,21,58],"class_list":{"0":"post-103730","1":"post","2":"type-post","3":"status-publish","4":"format-standard","5":"has-post-thumbnail","7":"category-zinas-no-arvalstim","8":"tag-aktualitates","9":"tag-arvalstim","10":"tag-breaking-news","11":"tag-breakingnews","12":"tag-featured-news","13":"tag-featurednews","14":"tag-headlines","15":"tag-kars-ukraina","16":"tag-latest-news","17":"tag-latestnews","18":"tag-latvia","19":"tag-latvian","20":"tag-latviesu","21":"tag-latviesu-valoda","22":"tag-latviesuvaloda","23":"tag-latvija","24":"tag-lv","25":"tag-news","26":"tag-popularakas-zinas","27":"tag-popularakaszinas","28":"tag-top-stories","29":"tag-topstories","30":"tag-world","31":"tag-world-news","32":"tag-worldnews","33":"tag-zinas","34":"tag-zinas-no-arvalstim"},"share_on_mastodon":{"url":"https:\/\/pubeurope.com\/@lv\/115891265991304107","error":""},"_links":{"self":[{"href":"https:\/\/www.europesays.com\/lv\/wp-json\/wp\/v2\/posts\/103730","targetHints":{"allow":["GET"]}}],"collection":[{"href":"https:\/\/www.europesays.com\/lv\/wp-json\/wp\/v2\/posts"}],"about":[{"href":"https:\/\/www.europesays.com\/lv\/wp-json\/wp\/v2\/types\/post"}],"author":[{"embeddable":true,"href":"https:\/\/www.europesays.com\/lv\/wp-json\/wp\/v2\/users\/2"}],"replies":[{"embeddable":true,"href":"https:\/\/www.europesays.com\/lv\/wp-json\/wp\/v2\/comments?post=103730"}],"version-history":[{"count":0,"href":"https:\/\/www.europesays.com\/lv\/wp-json\/wp\/v2\/posts\/103730\/revisions"}],"wp:featuredmedia":[{"embeddable":true,"href":"https:\/\/www.europesays.com\/lv\/wp-json\/wp\/v2\/media\/103731"}],"wp:attachment":[{"href":"https:\/\/www.europesays.com\/lv\/wp-json\/wp\/v2\/media?parent=103730"}],"wp:term":[{"taxonomy":"category","embeddable":true,"href":"https:\/\/www.europesays.com\/lv\/wp-json\/wp\/v2\/categories?post=103730"},{"taxonomy":"post_tag","embeddable":true,"href":"https:\/\/www.europesays.com\/lv\/wp-json\/wp\/v2\/tags?post=103730"}],"curies":[{"name":"wp","href":"https:\/\/api.w.org\/{rel}","templated":true}]}}