{"id":103732,"date":"2026-01-14T03:17:05","date_gmt":"2026-01-14T03:17:05","guid":{"rendered":"https:\/\/www.europesays.com\/lv\/103732\/"},"modified":"2026-01-14T03:17:05","modified_gmt":"2026-01-14T03:17:05","slug":"tramps-atcel-planoto-ofensivu-venecuelai-pec-maduro-sagustisanas-un-ieslodzito-atbrivosanas-lente-lv","status":"publish","type":"post","link":"https:\/\/www.europesays.com\/lv\/103732\/","title":{"rendered":"Tramps atce\u013c pl\u0101noto ofens\u012bvu Venecu\u0113lai p\u0113c Maduro sag\u016bst\u012b\u0161anas un ieslodz\u012bto atbr\u012bvo\u0161anas\u00a0\u2014\u00a0Lente.lv"},"content":{"rendered":"<p>ASV p\u0101rtrauc milit\u0101ro darb\u012bbu pret Venecu\u0113lu<\/p>\n<p>ASV prezidents Donalds Tramps ir pazi\u0146ojis par pl\u0101not\u0101s ofens\u012bvas atcel\u0161anu pret Venecu\u0113lu. \u0160\u0101ds l\u0113mums pie\u0146emts p\u0113c tam, kad Venecu\u0113las varas iest\u0101des s\u0101ku\u0161as atbr\u012bvot ieslodz\u012btos, kas noticis p\u0113c autorit\u0101r\u0101 l\u012bdera Nikolasa Maduro sag\u016bst\u012b\u0161anas ASV sp\u0113ku oper\u0101cijas rezult\u0101t\u0101. K\u0101 inform\u0113 port\u0101ls jauns.lv, \u0161is solis ir v\u0113rt\u0113jams k\u0101 m\u0113\u0123in\u0101jums normaliz\u0113t situ\u0101ciju un deeskal\u0113t spriedzi re\u0123ion\u0101.<\/p>\n<p>Maduro sag\u016bst\u012b\u0161ana un ieslodz\u012bto atbr\u012bvo\u0161ana<\/p>\n<p>Nikolass Maduro tika sag\u016bst\u012bts ASV sp\u0113ku veikt\u0101s milit\u0101r\u0101s oper\u0101cijas laik\u0101, kas notika agr\u0101s janv\u0101ra r\u012bt\u0101. P\u0113c vi\u0146a aiztur\u0113\u0161anas un nog\u0101d\u0101\u0161anas uz tiesas procesu ASV, Venecu\u0113las vald\u012bba pazi\u0146oja par l&#8230;, kas, p\u0113c parlamenta priek\u0161s\u0113d\u0113t\u0101ja Horhes Rodrigesa teikt\u0101, bija vienpus\u0113js \u017eests, cen\u0161oties pan\u0101kt mieru. Tom\u0113r s\u0101kotn\u0113j\u0101 inform\u0101cija par atbr\u012bvoto personu skaitu bija pretrun\u012bga, un cilv\u0113kties\u012bbu organiz\u0101cijas nor\u0101d\u012bja, ka atbr\u012bvoto politieslodz\u012bto skaits bija stipri ierobe\u017eots, radot neapmierin\u0101t\u012bbu.<\/p>\n<p>ASV un Venecu\u0113las attiec\u012bbu v\u0113sture<\/p>\n<p>ASV un Venecu\u0113las attiec\u012bbas ir biju\u0161as sasp\u012bl\u0113tas jau vair\u0101kus gadus, \u012bpa\u0161i kop\u0161 Ugo \u010cavesa n\u0101k\u0161anas pie varas un vi\u0146a pretskatam pret ASV imperi\u0101lismu. Nikolass Maduro, p\u0101r\u0146emot valsts vad\u012bbu p\u0113c \u010cavesa n\u0101ves, turpin\u0101ja l\u012bdz\u012bgu kursu, kas noveda pie Venecu\u0113las ekonomikas kr\u012bzes un milz\u012bgas emigr\u0101cijas. ASV nekad nav atzinu\u0161as Maduro par le\u0123it\u012bmi iev\u0113l\u0113tu prezidentu, un ir izsludin\u0101ju\u0161as atl\u012bdz\u012bbu par vi\u0146a arestu, aps\u016bdzot vi\u0146u narkotiku kontraband\u0101.<\/p>\n<p>Starptautisk\u0101 reakcija un turpm\u0101k\u0101s sekas<\/p>\n<p>Pasaule uz ASV oper\u0101ciju Venecu\u0113l\u0101 rea\u0123\u0113jusi neviennoz\u012bm\u012bgi. Kam\u0113r ASV administr\u0101cija uzsv\u0113ra c\u012b\u0146u pret narkokarte\u013ciem, Eiropas Savien\u012bb\u0101 viedok\u013ci par oper\u0101cijas le\u0123itimit\u0101ti dal\u012bj\u0101s. Maduro sag\u016bst\u012b\u0161ana un vi\u0146a aizve\u0161ana uz ASV ir rad\u012bjis politisku nenoteikt\u012bbu Venecu\u0113l\u0101, kur viceprezidente Delsija Rodrigesa patlaban pilda prezidenta pien\u0101kumus, savuk\u0101rt da\u013ca valstu par likum\u012bgo prezidentu joproj\u0101m atz\u012bst opoz\u012bcijas kandid\u0101tu Edmundu Gonzalesu. Turpm\u0101k\u0101s attiec\u012bbas starp ASV un Venecu\u0113lu, k\u0101 ar\u012b Krievijas, \u0136\u012bnas, Ir\u0101nas un Kubas loma re\u0123ion\u0101, joproj\u0101m ir neskaidras.<\/p>\n","protected":false},"excerpt":{"rendered":"ASV p\u0101rtrauc milit\u0101ro darb\u012bbu pret Venecu\u0113lu ASV prezidents Donalds Tramps ir pazi\u0146ojis par pl\u0101not\u0101s ofens\u012bvas atcel\u0161anu pret Venecu\u0113lu.&hellip;\n","protected":false},"author":2,"featured_media":103733,"comment_status":"","ping_status":"","sticky":false,"template":"","format":"standard","meta":{"footnotes":""},"categories":[14],"tags":[23,57,292,28,29,542,32,33,22,19280,30,31,35,39,38,36,37,34,40,20,5168,26,27,24,25,358,54,55,56,21,58],"class_list":{"0":"post-103732","1":"post","2":"type-post","3":"status-publish","4":"format-standard","5":"has-post-thumbnail","7":"category-zinas-no-arvalstim","8":"tag-aktualitates","9":"tag-arvalstim","10":"tag-asv","11":"tag-breaking-news","12":"tag-breakingnews","13":"tag-donalds-tramps","14":"tag-featured-news","15":"tag-featurednews","16":"tag-headlines","17":"tag-ieslodzitie","18":"tag-latest-news","19":"tag-latestnews","20":"tag-latvia","21":"tag-latvian","22":"tag-latviesu","23":"tag-latviesu-valoda","24":"tag-latviesuvaloda","25":"tag-latvija","26":"tag-lv","27":"tag-news","28":"tag-nikolass-maduro","29":"tag-popularakas-zinas","30":"tag-popularakaszinas","31":"tag-top-stories","32":"tag-topstories","33":"tag-venecuela","34":"tag-world","35":"tag-world-news","36":"tag-worldnews","37":"tag-zinas","38":"tag-zinas-no-arvalstim"},"share_on_mastodon":{"url":"https:\/\/pubeurope.com\/@lv\/115891289650555546","error":""},"_links":{"self":[{"href":"https:\/\/www.europesays.com\/lv\/wp-json\/wp\/v2\/posts\/103732","targetHints":{"allow":["GET"]}}],"collection":[{"href":"https:\/\/www.europesays.com\/lv\/wp-json\/wp\/v2\/posts"}],"about":[{"href":"https:\/\/www.europesays.com\/lv\/wp-json\/wp\/v2\/types\/post"}],"author":[{"embeddable":true,"href":"https:\/\/www.europesays.com\/lv\/wp-json\/wp\/v2\/users\/2"}],"replies":[{"embeddable":true,"href":"https:\/\/www.europesays.com\/lv\/wp-json\/wp\/v2\/comments?post=103732"}],"version-history":[{"count":0,"href":"https:\/\/www.europesays.com\/lv\/wp-json\/wp\/v2\/posts\/103732\/revisions"}],"wp:featuredmedia":[{"embeddable":true,"href":"https:\/\/www.europesays.com\/lv\/wp-json\/wp\/v2\/media\/103733"}],"wp:attachment":[{"href":"https:\/\/www.europesays.com\/lv\/wp-json\/wp\/v2\/media?parent=103732"}],"wp:term":[{"taxonomy":"category","embeddable":true,"href":"https:\/\/www.europesays.com\/lv\/wp-json\/wp\/v2\/categories?post=103732"},{"taxonomy":"post_tag","embeddable":true,"href":"https:\/\/www.europesays.com\/lv\/wp-json\/wp\/v2\/tags?post=103732"}],"curies":[{"name":"wp","href":"https:\/\/api.w.org\/{rel}","templated":true}]}}