{"id":103734,"date":"2026-01-14T03:21:09","date_gmt":"2026-01-14T03:21:09","guid":{"rendered":"https:\/\/www.europesays.com\/lv\/103734\/"},"modified":"2026-01-14T03:21:09","modified_gmt":"2026-01-14T03:21:09","slug":"tukums-pastarite-pastiprina-sastavu-ar-amerikanu-saspeles-vaditaju-lente-lv","status":"publish","type":"post","link":"https:\/\/www.europesays.com\/lv\/103734\/","title":{"rendered":"&#8220;Tukums&#8221; pastar\u012bte pastiprina sast\u0101vu ar amerik\u0101\u0146u sasp\u0113les vad\u012bt\u0101ju\u00a0\u2014\u00a0Lente.lv"},"content":{"rendered":"<p>Jaunpien\u0101c\u0113js no Portug\u0101les<\/p>\n<p>Basketbola klubs &#8220;Tukums&#8221;, kas \u0161obr\u012bd ie\u0146em p\u0113d\u0113j\u0101s vietas &#8220;Ramirent&#8221; Nacion\u0101l\u0101s basketbola l\u012bgas (NBL) kopv\u0113rt\u0113jum\u0101, ir veicis interesantu sast\u0101va papildin\u0101jumu. Komandai pievienojies amerik\u0101\u0146u sasp\u0113les vad\u012bt\u0101js Adokijs Ijaje (Adokijs Ijaie), kur\u0161 iepriek\u0161\u0113j\u0101s sezonas pirmo pusi pavad\u012bjis Portug\u0101les otr\u0101s sp\u0113c\u012bg\u0101k\u0101s l\u012bgas komand\u0101.<\/p>\n<p>Reti sastopams le\u0123ion\u0101rs NBL<\/p>\n<p>Amerik\u0101\u0146u sp\u0113l\u0113t\u0101ju par\u0101d\u012b\u0161an\u0101s Latvijas Nacion\u0101laj\u0101 basketbola l\u012bg\u0101 ir visai neierasta par\u0101d\u012bba. \u0160\u0101ds solis no &#8220;Tukuma&#8221; kluba vad\u012bbas liecina par v\u0113lmi uzlabot komandas sniegumu un konkur\u0113tsp\u0113ju l\u012bg\u0101, kas tradicion\u0101li sastopama ar pa\u0161m\u0101ju talantiem un retiem le\u0123ion\u0101riem no tuv\u0101k\u0101m valst\u012bm.<\/p>\n<p>Iepriek\u0161\u0113j\u0101 pieredze un mekl\u0113jumi<\/p>\n<p>Lai gan Ijajes statistika Portug\u0101l\u0113 nav publiski pla\u0161i pieejama, vi\u0146a pievieno\u0161an\u0101s &#8220;Tukuma&#8221; komandai nor\u0101da uz potenci\u0101lu, ko klubs saskata vi\u0146a prasm\u0113s. NBL l\u012bmen\u012b, kur bie\u017ei vien finansi\u0101l\u0101s iesp\u0113jas ir ierobe\u017eotas, jauna \u0101rzemju talanta piesaiste ir drosm\u012bgs solis. Tas var\u0113tu sniegt papildu dinamiku un neprognoz\u0113jam\u012bbu &#8220;Tukuma&#8221; sp\u0113l\u0113.<\/p>\n<p>Komandas perspekt\u012bvas<\/p>\n<p>Ar \u0161o papildin\u0101jumu &#8220;Tukuma&#8221; komandai paveras jaunas iesp\u0113jas. Vai Ijajes pievieno\u0161an\u0101s sp\u0113s main\u012bt komandas dinamiku un pacelt to augst\u0101k turn\u012bra tabul\u0101, r\u0101d\u012bs tuv\u0101k\u0101s sp\u0113les. Kluba strat\u0113\u0123ija ar \u0101rzemju le\u0123ion\u0101ra piesaisti ir skaidrs sign\u0101ls par centieniem uzlabot rezult\u0101tus un stiprin\u0101t komandas sast\u0101vu.<\/p>\n","protected":false},"excerpt":{"rendered":"Jaunpien\u0101c\u0113js no Portug\u0101les Basketbola klubs &#8220;Tukums&#8221;, kas \u0161obr\u012bd ie\u0146em p\u0113d\u0113j\u0101s vietas &#8220;Ramirent&#8221; Nacion\u0101l\u0101s basketbola l\u012bgas (NBL) kopv\u0113rt\u0113jum\u0101, ir&hellip;\n","protected":false},"author":2,"featured_media":103735,"comment_status":"","ping_status":"","sticky":false,"template":"","format":"standard","meta":{"footnotes":""},"categories":[17],"tags":[25032,145,35,39,38,36,37,34,25033,40,4068,67,4118],"class_list":{"0":"post-103734","1":"post","2":"type-post","3":"status-publish","4":"format-standard","5":"has-post-thumbnail","7":"category-sports","8":"tag-adokijs-ijaje","9":"tag-basketbols","10":"tag-latvia","11":"tag-latvian","12":"tag-latviesu","13":"tag-latviesu-valoda","14":"tag-latviesuvaloda","15":"tag-latvija","16":"tag-legionars","17":"tag-lv","18":"tag-nacionala-basketbola-liga","19":"tag-sports","20":"tag-tukums"},"share_on_mastodon":{"url":"https:\/\/pubeurope.com\/@lv\/115891305327416032","error":""},"_links":{"self":[{"href":"https:\/\/www.europesays.com\/lv\/wp-json\/wp\/v2\/posts\/103734","targetHints":{"allow":["GET"]}}],"collection":[{"href":"https:\/\/www.europesays.com\/lv\/wp-json\/wp\/v2\/posts"}],"about":[{"href":"https:\/\/www.europesays.com\/lv\/wp-json\/wp\/v2\/types\/post"}],"author":[{"embeddable":true,"href":"https:\/\/www.europesays.com\/lv\/wp-json\/wp\/v2\/users\/2"}],"replies":[{"embeddable":true,"href":"https:\/\/www.europesays.com\/lv\/wp-json\/wp\/v2\/comments?post=103734"}],"version-history":[{"count":0,"href":"https:\/\/www.europesays.com\/lv\/wp-json\/wp\/v2\/posts\/103734\/revisions"}],"wp:featuredmedia":[{"embeddable":true,"href":"https:\/\/www.europesays.com\/lv\/wp-json\/wp\/v2\/media\/103735"}],"wp:attachment":[{"href":"https:\/\/www.europesays.com\/lv\/wp-json\/wp\/v2\/media?parent=103734"}],"wp:term":[{"taxonomy":"category","embeddable":true,"href":"https:\/\/www.europesays.com\/lv\/wp-json\/wp\/v2\/categories?post=103734"},{"taxonomy":"post_tag","embeddable":true,"href":"https:\/\/www.europesays.com\/lv\/wp-json\/wp\/v2\/tags?post=103734"}],"curies":[{"name":"wp","href":"https:\/\/api.w.org\/{rel}","templated":true}]}}