{"id":103738,"date":"2026-01-14T03:27:12","date_gmt":"2026-01-14T03:27:12","guid":{"rendered":"https:\/\/www.europesays.com\/lv\/103738\/"},"modified":"2026-01-14T03:27:12","modified_gmt":"2026-01-14T03:27:12","slug":"honda-cel-trauksmi-2026-gada-dzineja-izstrade-norit-smagak-neka-cerets-f1lv-blogs","status":"publish","type":"post","link":"https:\/\/www.europesays.com\/lv\/103738\/","title":{"rendered":"&#8216;Honda&#8217; ce\u013c trauksmi: 2026. gada dzin\u0113ja izstr\u0101de norit smag\u0101k, nek\u0101 cer\u0113ts : F1LV Blogs"},"content":{"rendered":"<p>Lai gan \u201cHonda\u201d gatavojas pilnv\u0113rt\u012bgai atgrie\u0161an\u0101s sezonai F1 kop\u0101 ar \u201cAston Martin\u201d vien\u012bbu, ra\u017eot\u0101ja nometn\u0113 valda steidzam\u012bba un nemiers. Uz\u0146\u0113muma viceprezidents Kod\u017ei Vatanabe atkl\u0101ti atzinis, ka jaun\u0101 dzin\u0113ja att\u012bst\u012bbas programma \u0161obr\u012bd atg\u0101dina \u201craibu lupatu de\u0137i\u201d un ne viss norit saska\u0146\u0101 ar pl\u0101nu.<\/p>\n<p>Partner\u012bba starp jap\u0101\u0146u dzin\u0113ju meistariem un ambiciozo \u201cAston Martin\u201d komandu, kuras tehniskais direktors ir in\u017eenierijas \u0123\u0113nijs Adrisns \u0145\u016bvijs, tika uzskat\u012bta par potenci\u0101lu \u201csudraba lodi\u201d, lai g\u0101ztu pa\u0161reiz\u0113jos l\u012bderus. Tom\u0113r Vatanabes teiktais liecina par pret\u0113jo \u2013 t\u0101 viet\u0101, lai sl\u012bp\u0113tu gatavu \u0161edevru, \u201cHonda\u201d in\u017eenieri \u0161obr\u012bd c\u012bn\u0101s ar nepieradin\u0101tu zv\u0113ru.<\/p>\n<p>\u201cM\u0113s esam posm\u0101, kur tiek fiks\u0113tas specifik\u0101cijas pirmssezonas testiem un j\u0101s\u0101k mont\u0101\u017ea,\u201d Jap\u0101nas medijam \u201cSportiva\u201d sac\u012bja Vatanabe. \u201cTom\u0113r homolog\u0101cija ir febru\u0101ra beig\u0101s, t\u0101p\u0113c sagaidu, ka izstr\u0101de turpin\u0101sies l\u012bdz pat p\u0113d\u0113jai sekundei. Atkl\u0101ti sakot, mums joproj\u0101m vajag vair\u0101k laika.\u201d<\/p>\n<p>\u0160\u0101da atkl\u0101t\u012bba ir neierasta \u2013 Vatanabe nenodarbojas ar piekl\u0101j\u012bg\u0101m fr\u0101z\u0113m, bet gan raksturo procesu k\u0101 nepast\u0101v\u012bgu un sare\u017e\u0123\u012btu: \u201cDa\u017ei komponenti izr\u0101d\u0101s veiksm\u012bgi, citi negaid\u012bti pievi\u013c. Ne viss iet gludi, m\u0113s saskaramies ar gr\u016bt\u012bb\u0101m daudz\u0101s jom\u0101s, ta\u010du nekas nav tik likten\u012bgs, lai m\u0113s to nesp\u0113tu p\u0101rvar\u0113t.\u201d<\/p>\n<p>\u012apa\u0161u izaicin\u0101jumu rada dzin\u0113ja integr\u0101cija \u0161asij\u0101, lai apmierin\u0101tu \u0145\u016bvija augst\u0101s pras\u012bbas pret aerodinamiku. \u201cM\u0113s dar\u012bsim visu, kas nepiecie\u0161ams, lai piel\u0101gotos Adriana v\u012bzijai,\u201d piebilda \u201cHonda\u201d vad\u012bt\u0101js. Tom\u0113r jaut\u0101jums par to, vai ar \u0161\u012bm p\u016bl\u0113m pietiks, lai l\u012bdz startam Melburn\u0101 aizpild\u012btu robu sniegum\u0101, joproj\u0101m paliek atkl\u0101ts.<\/p>\n<p><a href=\"https:\/\/www.patreon.com\/collection\/823319\" rel=\"nofollow noopener\" target=\"_blank\"><img loading=\"lazy\" decoding=\"async\" class=\"aligncenter size-full wp-image-74708\" src=\"https:\/\/www.europesays.com\/lv\/wp-content\/uploads\/2025\/12\/Banner300x250px.jpg\" alt=\"\" width=\"300\" height=\"250\"\/><\/a><\/p>\n","protected":false},"excerpt":{"rendered":"Lai gan \u201cHonda\u201d gatavojas pilnv\u0113rt\u012bgai atgrie\u0161an\u0101s sezonai F1 kop\u0101 ar \u201cAston Martin\u201d vien\u012bbu, ra\u017eot\u0101ja nometn\u0113 valda steidzam\u012bba un&hellip;\n","protected":false},"author":2,"featured_media":103739,"comment_status":"","ping_status":"","sticky":false,"template":"","format":"standard","meta":{"footnotes":""},"categories":[17],"tags":[4179,4176,35,39,38,36,37,34,40,67],"class_list":{"0":"post-103738","1":"post","2":"type-post","3":"status-publish","4":"format-standard","5":"has-post-thumbnail","7":"category-sports","8":"tag-aston-martin","9":"tag-honda","10":"tag-latvia","11":"tag-latvian","12":"tag-latviesu","13":"tag-latviesu-valoda","14":"tag-latviesuvaloda","15":"tag-latvija","16":"tag-lv","17":"tag-sports"},"share_on_mastodon":{"url":"https:\/\/pubeurope.com\/@lv\/115891328952943466","error":""},"_links":{"self":[{"href":"https:\/\/www.europesays.com\/lv\/wp-json\/wp\/v2\/posts\/103738","targetHints":{"allow":["GET"]}}],"collection":[{"href":"https:\/\/www.europesays.com\/lv\/wp-json\/wp\/v2\/posts"}],"about":[{"href":"https:\/\/www.europesays.com\/lv\/wp-json\/wp\/v2\/types\/post"}],"author":[{"embeddable":true,"href":"https:\/\/www.europesays.com\/lv\/wp-json\/wp\/v2\/users\/2"}],"replies":[{"embeddable":true,"href":"https:\/\/www.europesays.com\/lv\/wp-json\/wp\/v2\/comments?post=103738"}],"version-history":[{"count":0,"href":"https:\/\/www.europesays.com\/lv\/wp-json\/wp\/v2\/posts\/103738\/revisions"}],"wp:featuredmedia":[{"embeddable":true,"href":"https:\/\/www.europesays.com\/lv\/wp-json\/wp\/v2\/media\/103739"}],"wp:attachment":[{"href":"https:\/\/www.europesays.com\/lv\/wp-json\/wp\/v2\/media?parent=103738"}],"wp:term":[{"taxonomy":"category","embeddable":true,"href":"https:\/\/www.europesays.com\/lv\/wp-json\/wp\/v2\/categories?post=103738"},{"taxonomy":"post_tag","embeddable":true,"href":"https:\/\/www.europesays.com\/lv\/wp-json\/wp\/v2\/tags?post=103738"}],"curies":[{"name":"wp","href":"https:\/\/api.w.org\/{rel}","templated":true}]}}