{"id":103740,"date":"2026-01-14T03:29:09","date_gmt":"2026-01-14T03:29:09","guid":{"rendered":"https:\/\/www.europesays.com\/lv\/103740\/"},"modified":"2026-01-14T03:29:09","modified_gmt":"2026-01-14T03:29:09","slug":"tragedija-krievijas-dzemdibu-nama-9-zidainu-nave","status":"publish","type":"post","link":"https:\/\/www.europesays.com\/lv\/103740\/","title":{"rendered":"Tra\u0123\u0113dija Krievijas dzemd\u012bbu nam\u0101: 9 z\u012bdai\u0146u n\u0101ve"},"content":{"rendered":"<p class=\"descr\">Viena no p\u0113d\u0113jo gadu smag\u0101kaj\u0101m tra\u0123\u0113dij\u0101m Krievijas dzemd\u012bbu nam\u0101 notikusi Kuzbas\u0101, Kemerovas apgabal\u0101 &#8211; Jaun\u0101 gada br\u012bvdien\u0101s Novokuz\u0146eckas 1. dzemd\u012bbu nam\u0101 divu ned\u0113\u013cu laik\u0101 nomira devi\u0146i z\u012bdai\u0146i, un v\u0113l \u010detri atrodas intens\u012bv\u0101s terapijas noda\u013c\u0101, raksta \u201cdialog.ua\u201d.<\/p>\n<p>Viet\u0113jie pla\u0161sazi\u0146as l\u012bdzek\u013ci zi\u0146o, ka masveida n\u0101ves gad\u012bjumi var\u0113tu b\u016bt saist\u012bti ar person\u0101la tr\u016bkumu &#8211; saska\u0146\u0101 ar Krievijas pla\u0161sazi\u0146as l\u012bdzek\u013cu sniegto inform\u0101ciju, medm\u0101su darbu veica sanit\u0101ri.<\/p>\n<p>Da\u017eu dienu laik\u0101, p\u0113c k\u0101da avota teikt\u0101 no re\u0123ion\u0101l\u0101s Vesel\u012bbas ministrijas, nomira l\u012bdz pat trim jaundzimu\u0161ajiem dien\u0101.<\/p>\n<p>Re\u0123ion\u0101l\u0101 izmekl\u0113\u0161anas komiteja ir ierosin\u0101jusi krimin\u0101llietu par nolaid\u012bbu un n\u0101ves izrais\u012b\u0161anu nolaid\u012bbas d\u0113\u013c. K\u0101 pazi\u0146oja Kemerovas apgabala gubernators, slimn\u012bcas galvenais \u0101rsts Vit\u0101lijs Heraskovs tika atst\u0101din\u0101ts no amata. <\/p>\n<p>Pati dzemd\u012bbu slimn\u012bca faktiski p\u0101rtrauca dzemd\u0113t\u0101ju pie\u0146em\u0161anu v\u0113l pirms ofici\u0101l\u0101 pazi\u0146ojuma un v\u0113l\u0101k slimn\u012bcas vad\u012bba pazi\u0146oja par noda\u013cas sl\u0113g\u0161anu, atsaucoties uz &#8220;elpce\u013cu infekcijas sliek\u0161\u0146a p\u0101rsnieg\u0161anu&#8221;. <\/p>\n<p>Saska\u0146\u0101 ar ties\u012bbaizsardz\u012bbas iest\u0101d\u0113m tuvu avotu teikto, tie\u0161i infekcija bija b\u0113rnu n\u0101ves c\u0113lonis. <\/p>\n<p>Iest\u0101d\u0113 jau bija re\u0123istr\u0113ti da\u017e\u0101di p\u0101rk\u0101pumi &#8211; 2025. gada septembr\u012b k\u0101ds Novokuz\u0146eckas iedz\u012bvot\u0101js publiski aps\u016bdz\u0113ja slimn\u012bcas \u0101rstus priek\u0161laic\u012bgi dzimu\u0161a b\u0113rna n\u0101ves izrais\u012b\u0161an\u0101, apgalvojot par rupj\u0101m medic\u012bnisk\u0101m k\u013c\u016bd\u0101m un person\u0101la necilv\u0113c\u012bgu iztur\u0113\u0161anos. Toreiz tika ierosin\u0101ta krimin\u0101llieta, ta\u010du par rezult\u0101tiem nav zi\u0146ots. <\/p>\n<p>Saska\u0146\u0101 ar pla\u0161sazi\u0146as l\u012bdzek\u013cu zi\u0146ojumiem, dzemd\u012bbu slimn\u012bca p\u0113d\u0113jo divu gadu laik\u0101 ir sa\u0146\u0113musi aptuveni 170 br\u012bdin\u0101jumus, tostarp 14 tikai 2025. gad\u0101. <\/p>\n<p>P\u0113c \u017eurn\u0101listu teikt\u0101, iest\u0101d\u0113 sanit\u0101ri tika nodarbin\u0101ti t\u0101dos pa\u0161os amatos k\u0101 medm\u0101sas, bet 2024. gad\u0101 slimn\u012bcas biju\u0161ais galven\u0101 \u0101rsta vietnieks sa\u0146\u0113ma asto\u0146u gadu cietumsodu par kuku\u013cdo\u0161anu.<\/p>\n<p>\u0160is ir vissmag\u0101kais z\u012bdai\u0146u n\u0101ves gad\u012bjums dzemd\u012bbu nam\u0101 Krievij\u0101 kop\u0161 2010. gadu beig\u0101m, bet 2017. gad\u0101 Brjansk\u0101 vair\u0101ku m\u0113ne\u0161u laik\u0101 perinat\u0101laj\u0101 centr\u0101, ko atv\u0113ra Putins, nomira 11 <a href=\"https:\/\/nra.lv\/veseliba\/486222-noskaidrots-kapec-cilvekiem-ir-zidainu-amnezija.htm\" data-item-link=\"true\" data-item-id=\"486222\" rel=\"nofollow noopener\" target=\"_blank\">z\u012bdai\u0146i,<\/a> savuk\u0101rt 2018. gad\u0101 Belgorod\u0101 tika re\u0123istr\u0113ti 22 jaundzimu\u0161o n\u0101ves gad\u012bjumi. <\/p>\n<p>Visos gad\u012bjumos tika ierosin\u0101tas krimin\u0101llietas, ta\u010du inform\u0101cija par faktiskajiem izmekl\u0113\u0161anas rezult\u0101tiem nekad nav publiskota. <\/p>\n<p>Novokuz\u0146eck\u0101, kur\u0101 dz\u012bvo vair\u0101k nek\u0101 500 000 iedz\u012bvot\u0101ju, ir tikai viena dzemd\u012bbu nams un viens perinat\u0101lais centrs, l\u012bdz ar to vienas iest\u0101des sl\u0113g\u0161ana vai paral\u012bze autom\u0101tiski apdraud t\u016bksto\u0161iem sievie\u0161u un b\u0113rnu dz\u012bv\u012bbas. <\/p>\n<p>\t\t\t\t\t\tinfo<\/p>\n<p>Uzzini pirmais<br \/>kas interesants noticis Latvij\u0101 un pasaul\u0113,<br \/>pievienojoties mums <a href=\"https:\/\/t.me\/neatkariga\" rel=\"nofollow\">Telegram<\/a> vai <a href=\"https:\/\/whatsapp.com\/channel\/0029VaMLFUH5K3zLU5s4wm3y\" rel=\"nofollow noopener\" target=\"_blank\">Whatsapp<\/a> kan\u0101l\u0101<\/p>\n","protected":false},"excerpt":{"rendered":"Viena no p\u0113d\u0113jo gadu smag\u0101kaj\u0101m tra\u0123\u0113dij\u0101m Krievijas dzemd\u012bbu nam\u0101 notikusi Kuzbas\u0101, Kemerovas apgabal\u0101 &#8211; Jaun\u0101 gada br\u012bvdien\u0101s Novokuz\u0146eckas&hellip;\n","protected":false},"author":2,"featured_media":103741,"comment_status":"","ping_status":"","sticky":false,"template":"","format":"standard","meta":{"footnotes":""},"categories":[14],"tags":[23,57,28,29,32,33,22,30,31,35,39,38,36,37,34,40,20,26,27,24,25,54,55,56,21,58],"class_list":{"0":"post-103740","1":"post","2":"type-post","3":"status-publish","4":"format-standard","5":"has-post-thumbnail","7":"category-zinas-no-arvalstim","8":"tag-aktualitates","9":"tag-arvalstim","10":"tag-breaking-news","11":"tag-breakingnews","12":"tag-featured-news","13":"tag-featurednews","14":"tag-headlines","15":"tag-latest-news","16":"tag-latestnews","17":"tag-latvia","18":"tag-latvian","19":"tag-latviesu","20":"tag-latviesu-valoda","21":"tag-latviesuvaloda","22":"tag-latvija","23":"tag-lv","24":"tag-news","25":"tag-popularakas-zinas","26":"tag-popularakaszinas","27":"tag-top-stories","28":"tag-topstories","29":"tag-world","30":"tag-world-news","31":"tag-worldnews","32":"tag-zinas","33":"tag-zinas-no-arvalstim"},"share_on_mastodon":{"url":"https:\/\/pubeurope.com\/@lv\/115891336786608575","error":""},"_links":{"self":[{"href":"https:\/\/www.europesays.com\/lv\/wp-json\/wp\/v2\/posts\/103740","targetHints":{"allow":["GET"]}}],"collection":[{"href":"https:\/\/www.europesays.com\/lv\/wp-json\/wp\/v2\/posts"}],"about":[{"href":"https:\/\/www.europesays.com\/lv\/wp-json\/wp\/v2\/types\/post"}],"author":[{"embeddable":true,"href":"https:\/\/www.europesays.com\/lv\/wp-json\/wp\/v2\/users\/2"}],"replies":[{"embeddable":true,"href":"https:\/\/www.europesays.com\/lv\/wp-json\/wp\/v2\/comments?post=103740"}],"version-history":[{"count":0,"href":"https:\/\/www.europesays.com\/lv\/wp-json\/wp\/v2\/posts\/103740\/revisions"}],"wp:featuredmedia":[{"embeddable":true,"href":"https:\/\/www.europesays.com\/lv\/wp-json\/wp\/v2\/media\/103741"}],"wp:attachment":[{"href":"https:\/\/www.europesays.com\/lv\/wp-json\/wp\/v2\/media?parent=103740"}],"wp:term":[{"taxonomy":"category","embeddable":true,"href":"https:\/\/www.europesays.com\/lv\/wp-json\/wp\/v2\/categories?post=103740"},{"taxonomy":"post_tag","embeddable":true,"href":"https:\/\/www.europesays.com\/lv\/wp-json\/wp\/v2\/tags?post=103740"}],"curies":[{"name":"wp","href":"https:\/\/api.w.org\/{rel}","templated":true}]}}