{"id":103742,"date":"2026-01-14T03:33:08","date_gmt":"2026-01-14T03:33:08","guid":{"rendered":"https:\/\/www.europesays.com\/lv\/103742\/"},"modified":"2026-01-14T03:33:08","modified_gmt":"2026-01-14T03:33:08","slug":"sodien-madona-sakas-ibu-junioru-kausa-posms-biatlona-jauns-lv","status":"publish","type":"post","link":"https:\/\/www.europesays.com\/lv\/103742\/","title":{"rendered":"\u0160odien Madon\u0101 s\u0101kas IBU Junioru kausa posms biatlon\u0101 &#8211; Jauns.lv"},"content":{"rendered":"<ol>\n<li><a href=\"https:\/\/news.google.com\/rss\/articles\/CBMilAFBVV95cUxOSGlEd3pwSGdkZWh3TEdMMGhnWm5DTmVXd2IwbnZRQkdlOVVMWUZBZ215VWdHclVtN2F0aGFJQ0tPUXItTlozVGI4MVdVWW8yU2QwbGhwcmEzVDlBOTIyOEllRjJ1MVhfMlBINUZnZFAtbTlpaTlUVm9yUzVXR190T3EtUzBzYUtGa2tOSU5kcFNkc3pr?oc=5\" target=\"_blank\" rel=\"nofollow noopener\">\u0160odien Madon\u0101 s\u0101kas IBU Junioru kausa posms biatlon\u0101<\/a>&nbsp;&nbsp;Jauns.lv<\/li>\n<li><a href=\"https:\/\/news.google.com\/rss\/articles\/CBMigAJBVV95cUxNYlNzSWxiMV83MEJIbVNDd2JpVmV6MVB2bTJ6a01HMGp1SVVoWlhXa1cyQXZuZkloWXdhTHBGVTJhTzhwOThqTkV1eHRadFBZcDJYendrOHNVLU5rd0s0N0IwTHZYZWQ4VGRHV0NxNVVwMWJVeDkzTWZHMU13QkxFaHB4WUQ2Nmh4bHhLM1BnX1kwQkFKdGwwX2duc0ZEc1c4TGZVblpjcmxJUWVQaW83NmdiY1N2U0dHU01RdWI0U1hVU3M3eENlQTF0Y085c1JWYlZDVDB6cDYyakRNd3BiSTZEUTZpdklfSGRNSEp2NHVMRkpRSzJ5UE15eXIzaGlh?oc=5\" target=\"_blank\" rel=\"nofollow noopener\">Ziem\u012bgie laikapst\u0101k\u013ci k\u0101 gl\u0101b\u0113js \u2013 \u00abSmeceres sila\u00bb sl\u0113po\u0161anas trase gatava uz\u0146emt pasaules biatlona junioru eliti<\/a>&nbsp;&nbsp;LSM<\/li>\n<li><a href=\"https:\/\/news.google.com\/rss\/articles\/CBMijwFBVV95cUxQYm03UDgtZ09TVkhsNXRzZ3YzTXBvcVNLcWZiVm1Oa3hTbzhkOGlxenRrS0JiMDYtQWFkM0FUcUhkR1A1Z3RMakNiV212dWtsZTN1UlJyNVM2RTMyWVJmVnlEZWVIemJOQ0J3NXlKVnJYMzZpSll3RHhyR1o3a1J5amo5dndQVURJbV9OY053OA?oc=5\" target=\"_blank\" rel=\"nofollow noopener\">Olimpisk\u0101 sp\u0113ka tests Madon\u0101<\/a>&nbsp;&nbsp;Diena<\/li>\n<li><a href=\"https:\/\/news.google.com\/rss\/articles\/CBMiqgFBVV95cUxOLUdmQVRHUjJYTkdNVUlSbUdPWTVKbkFnamNVd3Y0ZnFRWjBYbkFZcExhNkJMNmdwTWQtXzJSS0FseGJYMkt5YkUzbW1hU1BWVWVMbkFwd2NIb0dVbGw3YlRLWDBnbUhscks0YUxoUVV0TUJWS2xwWXZkeHlHMURmcXBUeHM1WUQ0dHJHYTU5bmY3NmRJdGsxb0FEMjU0YWs0dVZkZHdGRDlWdw?oc=5\" target=\"_blank\" rel=\"nofollow noopener\">Biatlons iegrie\u017eas &#8220;Smeceres sil\u0101&#8221;<\/a>&nbsp;&nbsp;Lasi.lv<\/li>\n<li><a href=\"https:\/\/news.google.com\/rss\/articles\/CBMinwFBVV95cUxPSmI5cFA0NnRUREYtWFdTNldYUUEyTGhkeXJXZjFwc1lpMzBsd3lpMlJ5UlJZaUx3UDFrMzJvaVBkcnBjYldaTDZldzBFT1RwNndrWGgwSklzLU83QzJPT05yRFN2dWxDVlJ1UUw0WFA2UEM4TG9uQTBqc3otWHFwQTdaQ0FLU2VOZWQxelE2UEMydVltZFpsZlBUY2I5V2s?oc=5\" target=\"_blank\" rel=\"nofollow noopener\">Volfa: &#8220;Lieliskais sezonas s\u0101kums Pasaules kaus\u0101 nedaudz p\u0101rsteidza ar\u012b mani&#8221; \u2013 Ziemas sports<\/a>&nbsp;&nbsp;Sportacentrs.com<\/li>\n<\/ol>\n","protected":false},"excerpt":{"rendered":"\u0160odien Madon\u0101 s\u0101kas IBU Junioru kausa posms biatlon\u0101&nbsp;&nbsp;Jauns.lv Ziem\u012bgie laikapst\u0101k\u013ci k\u0101 gl\u0101b\u0113js \u2013 \u00abSmeceres sila\u00bb sl\u0113po\u0161anas trase gatava&hellip;\n","protected":false},"author":2,"featured_media":103743,"comment_status":"","ping_status":"","sticky":false,"template":"","format":"standard","meta":{"footnotes":""},"categories":[17],"tags":[35,39,38,36,37,34,40,67],"class_list":{"0":"post-103742","1":"post","2":"type-post","3":"status-publish","4":"format-standard","5":"has-post-thumbnail","7":"category-sports","8":"tag-latvia","9":"tag-latvian","10":"tag-latviesu","11":"tag-latviesu-valoda","12":"tag-latviesuvaloda","13":"tag-latvija","14":"tag-lv","15":"tag-sports"},"share_on_mastodon":{"url":"https:\/\/pubeurope.com\/@lv\/115891352539167884","error":""},"_links":{"self":[{"href":"https:\/\/www.europesays.com\/lv\/wp-json\/wp\/v2\/posts\/103742","targetHints":{"allow":["GET"]}}],"collection":[{"href":"https:\/\/www.europesays.com\/lv\/wp-json\/wp\/v2\/posts"}],"about":[{"href":"https:\/\/www.europesays.com\/lv\/wp-json\/wp\/v2\/types\/post"}],"author":[{"embeddable":true,"href":"https:\/\/www.europesays.com\/lv\/wp-json\/wp\/v2\/users\/2"}],"replies":[{"embeddable":true,"href":"https:\/\/www.europesays.com\/lv\/wp-json\/wp\/v2\/comments?post=103742"}],"version-history":[{"count":0,"href":"https:\/\/www.europesays.com\/lv\/wp-json\/wp\/v2\/posts\/103742\/revisions"}],"wp:featuredmedia":[{"embeddable":true,"href":"https:\/\/www.europesays.com\/lv\/wp-json\/wp\/v2\/media\/103743"}],"wp:attachment":[{"href":"https:\/\/www.europesays.com\/lv\/wp-json\/wp\/v2\/media?parent=103742"}],"wp:term":[{"taxonomy":"category","embeddable":true,"href":"https:\/\/www.europesays.com\/lv\/wp-json\/wp\/v2\/categories?post=103742"},{"taxonomy":"post_tag","embeddable":true,"href":"https:\/\/www.europesays.com\/lv\/wp-json\/wp\/v2\/tags?post=103742"}],"curies":[{"name":"wp","href":"https:\/\/api.w.org\/{rel}","templated":true}]}}