{"id":103744,"date":"2026-01-14T03:39:06","date_gmt":"2026-01-14T03:39:06","guid":{"rendered":"https:\/\/www.europesays.com\/lv\/103744\/"},"modified":"2026-01-14T03:39:06","modified_gmt":"2026-01-14T03:39:06","slug":"dzenifera-germane-cies-neveiksmi-pec-triumfa-pasaules-kausa-sacensibas-nefinise-slaloma-pirmaja-brauciena-sacensibas-uzvar-sifrina-jauns-lv-2","status":"publish","type":"post","link":"https:\/\/www.europesays.com\/lv\/103744\/","title":{"rendered":"D\u017eenifera \u0122\u0113rmane cie\u0161 neveiksmi p\u0113c triumfa: Pasaules kausa sacens\u012bb\u0101s nefini\u0161\u0113 slaloma pirmaj\u0101 braucien\u0101, sacens\u012bb\u0101s uzvar \u0160ifrina &#8211; Jauns.lv"},"content":{"rendered":"<ol>\n<li><a href=\"https:\/\/news.google.com\/rss\/articles\/CBMi_gFBVV95cUxPRU5wZ0RBUWd1TjhJb2V4ZDd0a0hzS094WVdIYkpmQ1BxYXdwcEJXSU15V0NVZTd3TExtSEJabWwzWVltZzNCSnBQemtjajhSZzE5V0k5S29FUnY1QXNhcFlrNE9RRTdPWXU0Z2RiQlZrSmVVNC1SUzU5NDZvM0dRZElnSGk4dlRJWEF6Wkx5WnZvbms2TFZHRHVHb2hDMFB0T0J4eG80aGFmVHFqZ2pyYkxLZGlXOHd4OGVab3ZHQTA1bTMxeFdWRmd0LUVQU3RlMVlDMVVrZlpXcHQ1Wkt5Qk9fTVh2a0FzYXZ0eUpDTkxlRWg3eENpQ0xHdHBGdw?oc=5\" target=\"_blank\" rel=\"nofollow noopener\">D\u017eenifera \u0122\u0113rmane cie\u0161 neveiksmi p\u0113c triumfa: Pasaules kausa sacens\u012bb\u0101s nefini\u0161\u0113 slaloma pirmaj\u0101 braucien\u0101, sacens\u012bb\u0101s uzvar \u0160ifrina<\/a>&nbsp;&nbsp;Jauns.lv<\/li>\n<li><a href=\"https:\/\/news.google.com\/rss\/articles\/CBMi7wFBVV95cUxPYWNaOTFxU05rOEFwYkpSYk9ZblNNb0k4dnNmbVEwRnl0dGtkdm14VDRmWkJlWjJoa251WmwwdC0wN2pWc1YxZkgwajJLOUlVYTR1ZmFOVVV3VkdQbUkxVkY3MzFUOTdqdkdpQ3hCMk9xWkVwOHJjXy05TzkycWxBS0tOS29pbTJUejIyWTd0ZFBBanlaSk5mYm9RSThCNFRBWGYyWTc4RjlRY0h4TUhyYWRoVVVPYkhaZlQ4T2JzZU1SVXM0Vkp0WkVreS04TDJrZnFhczR4R2syWnVQZUZXZ3VXbkNfQ0djQ0pMRDBLOA?oc=5\" target=\"_blank\" rel=\"nofollow noopener\">Latvie\u0161u kalnu sl\u0113pot\u0101ja \u0122\u0113rmane Pasaules kausa posm\u0101 Austrij\u0101 piedz\u012bvo nepat\u012bkamu kritienu<\/a>&nbsp;&nbsp;LSM<\/li>\n<li><a href=\"https:\/\/news.google.com\/rss\/articles\/CBMiuAFBVV95cUxNaW4yVTBhRmo2TlJsTktpVFhYZV9KS2VlU3JZek5PaVJDSWlTOWNqcTRoQlI3d3JFVzUtYmhpc0FGQlc4d3llaGpQaGdBVGVDbTE0cVRsNHBJYnRpZTRQQl95QnZfZm01MHh0TDk2bm41ZDdXTzRjY2pidGN0M0lhT0tvU1liZHlpX2pOdEdwVHdSSVNRM0tQRnp6S0g5QmxPdW9WRFduZWRkZlZYNHBLT1RaMU1Wam1j?oc=5\" target=\"_blank\" rel=\"nofollow noopener\">\u0122\u0113rmane p\u0113c izcil\u0101 snieguma iepriek\u0161\u0113j\u0101 posm\u0101 piedz\u012bvo vil\u0161anos<\/a>&nbsp;&nbsp;Delfi<\/li>\n<li><a href=\"https:\/\/news.google.com\/rss\/articles\/CBMioAFBVV95cUxPWF9sQ21fY1ZhV2Q1SFBDcGlhV0RmX09KQmhYaXJiOEQtU1VuQ19pNUpOMDh4Z1pmcjBBMEJYVnFGTHd2ZFNHeDFqZFJkUGozTE1PS2JuYWRIbjVLZHdUYTduQjZUczRxblloTzNldG82WDNTOC13RzEwMkVhaDNjbXBtS3I1TUlIWVdta1N3Tk9HRk5TdUxZM0VVdk8zZGJq?oc=5\" target=\"_blank\" rel=\"nofollow noopener\">\u0122\u0113rmane Flahav\u0101 piedz\u012bvo s\u0101p\u012bgu kritienu, bet traumu neg\u016bst \u2013 Ziemas sports<\/a>&nbsp;&nbsp;Sportacentrs.com<\/li>\n<li><a href=\"https:\/\/news.google.com\/rss\/articles\/CBMi1gFBVV95cUxQSkhoVXY1QS1XNHpnUUtGa0RHTG84TXFxQ01oMF8wY3pxSHFkSkdZbXJ1aHVuaWhsUXhyXzJoejZNcWFtNmdyLVBxUlluVnNBTlVjZnFCM3BPWFp3aFUzRWxJNmNadTFObnRtN0FtVTdrV0ZfMV9yVUNwQ2RBSHl3MC16ci10cEtLZUVwNDhqN0JJZ3NTTFpiY2xzZm9NbnlBaEVjeVZGVjExWVgtR05MZElOOVVFWS0taUtMTHhYcEQ2WWlFRlZSLUwzQ0RxbG5LdE03a19R0gHbAUFVX3lxTE55b09rMU5pQjVEZGMteHlBZlJYZU1LTHBSaWFCRVNTekMwZXFkY1ZOODFTX284OFRUMW9qWTF5dEYyQWRMZU0yd195NUZZU2tPTmtnc25ZMExqX01ZM0NqZllLMmEwSjJGV0RxVkNVMDA0OGV0MjJGOFpoRDVZcWVjWHVGQUtXQm9zZG5iLTVQME5NSFJhYmgtR09PVW9xcnlsU0luU200VHNnZlphRjQ4Ukpra0g4TGJtSG55dEpGNjQteU1wVTFHUlItRExxaC05bEw2S2NDSVo5cw?oc=5\" target=\"_blank\" rel=\"nofollow noopener\">Latvijas kalnu sl\u0113po\u0161anas rekordu sasniegus\u012b \u0122\u0113rmane sezonu turpina ar sacens\u012bb\u0101m Austrij\u0101<\/a>&nbsp;&nbsp;bb.lv<\/li>\n<\/ol>\n","protected":false},"excerpt":{"rendered":"D\u017eenifera \u0122\u0113rmane cie\u0161 neveiksmi p\u0113c triumfa: Pasaules kausa sacens\u012bb\u0101s nefini\u0161\u0113 slaloma pirmaj\u0101 braucien\u0101, sacens\u012bb\u0101s uzvar \u0160ifrina&nbsp;&nbsp;Jauns.lv Latvie\u0161u kalnu&hellip;\n","protected":false},"author":2,"featured_media":97074,"comment_status":"","ping_status":"","sticky":false,"template":"","format":"standard","meta":{"footnotes":""},"categories":[17],"tags":[35,39,38,36,37,34,40,67],"class_list":{"0":"post-103744","1":"post","2":"type-post","3":"status-publish","4":"format-standard","5":"has-post-thumbnail","7":"category-sports","8":"tag-latvia","9":"tag-latvian","10":"tag-latviesu","11":"tag-latviesu-valoda","12":"tag-latviesuvaloda","13":"tag-latvija","14":"tag-lv","15":"tag-sports"},"share_on_mastodon":{"url":"https:\/\/pubeurope.com\/@lv\/115891376115881615","error":""},"_links":{"self":[{"href":"https:\/\/www.europesays.com\/lv\/wp-json\/wp\/v2\/posts\/103744","targetHints":{"allow":["GET"]}}],"collection":[{"href":"https:\/\/www.europesays.com\/lv\/wp-json\/wp\/v2\/posts"}],"about":[{"href":"https:\/\/www.europesays.com\/lv\/wp-json\/wp\/v2\/types\/post"}],"author":[{"embeddable":true,"href":"https:\/\/www.europesays.com\/lv\/wp-json\/wp\/v2\/users\/2"}],"replies":[{"embeddable":true,"href":"https:\/\/www.europesays.com\/lv\/wp-json\/wp\/v2\/comments?post=103744"}],"version-history":[{"count":0,"href":"https:\/\/www.europesays.com\/lv\/wp-json\/wp\/v2\/posts\/103744\/revisions"}],"wp:featuredmedia":[{"embeddable":true,"href":"https:\/\/www.europesays.com\/lv\/wp-json\/wp\/v2\/media\/97074"}],"wp:attachment":[{"href":"https:\/\/www.europesays.com\/lv\/wp-json\/wp\/v2\/media?parent=103744"}],"wp:term":[{"taxonomy":"category","embeddable":true,"href":"https:\/\/www.europesays.com\/lv\/wp-json\/wp\/v2\/categories?post=103744"},{"taxonomy":"post_tag","embeddable":true,"href":"https:\/\/www.europesays.com\/lv\/wp-json\/wp\/v2\/tags?post=103744"}],"curies":[{"name":"wp","href":"https:\/\/api.w.org\/{rel}","templated":true}]}}