{"id":103747,"date":"2026-01-14T03:45:06","date_gmt":"2026-01-14T03:45:06","guid":{"rendered":"https:\/\/www.europesays.com\/lv\/103747\/"},"modified":"2026-01-14T03:45:06","modified_gmt":"2026-01-14T03:45:06","slug":"rubene-pagarina-uzvaru-seriju-lidz-14-spelem-elvi-viriesu-florbola-virsliga-lente-lv","status":"publish","type":"post","link":"https:\/\/www.europesays.com\/lv\/103747\/","title":{"rendered":"&#8220;Rubene&#8221; pagarina uzvaru s\u0113riju l\u012bdz 14 sp\u0113l\u0113m Elvi v\u012brie\u0161u florbola virsl\u012bg\u0101\u00a0\u2014\u00a0Lente.lv"},"content":{"rendered":"<p>Koc\u0113nu &#8220;Rubene&#8221; neapturama Elvi v\u012brie\u0161u florbola virsl\u012bg\u0101<\/p>\n<p>Elvi v\u012brie\u0161u florbola virsl\u012bgas l\u012bdervien\u012bba Koc\u0113nu &#8220;Rubene&#8221; ir pagarin\u0101jusi savu iespaid\u012bgo uzvaru s\u0113riju l\u012bdz 14 sp\u0113l\u0113m p\u0113c k\u0101rtas. &#8220;Rubene&#8221; p\u0101rliecino\u0161i ar rezult\u0101tu 12:4 viesos p\u0101rsp\u0113ja FBK &#8220;S\u0100C&#8221;, kuriem \u0161\u012b neveiksme k\u013cuva par astoto p\u0113c k\u0101rtas. Rezultat\u012bv\u0101kie uzvar\u0113t\u0101ju rind\u0101s ar trim v\u0101rtiem katrs bija Mat\u012bss Celms un Rihards Avots.<\/p>\n<p>FBK &#8220;S\u0100C&#8221; astot\u0101 neveiksme p\u0113c k\u0101rtas<\/p>\n<p>FBK &#8220;S\u0100C&#8221; komandai \u0161\u012b sp\u0113le izv\u0113rt\u0101s \u012bpa\u0161i neveiksm\u012bga, piedz\u012bvojot jau asto\u0146us zaud\u0113jumus p\u0113c k\u0101rtas. Pirms \u0161\u012b ma\u010da \u0100da\u017eu komanda bija piedz\u012bvojusi septi\u0146us zaud\u0113jumus p\u0113c k\u0101rtas, kas b\u016btiski sa\u0161\u0137ob\u012bja t\u0101s poz\u012bcijas izsl\u0113g\u0161anas sp\u0113\u013cu zon\u0101. Komanda sp\u0113l\u0113ja bez vair\u0101kiem vado\u0161ajiem sp\u0113l\u0113t\u0101jiem, tostarp l\u012bgas rezultat\u012bv\u0101k\u0101 sp\u0113l\u0113t\u0101ja Kevina \u0160mita.<\/p>\n<p>Sp\u0113les gaita un galvenie notikumi<\/p>\n<p>Sp\u0113li \u0100da\u017eos ar v\u0101rtu guvumu astotaj\u0101 min\u016bt\u0113 atkl\u0101ja m\u0101jinieku kapteinis D\u0113vids Os\u012btis. Tom\u0113r &#8220;Rubene&#8221; atbild\u0113ja jau p\u0113c 22 sekund\u0113m, kad rezult\u0101tu izl\u012bdzin\u0101ja Rihards Avots. Pirm\u0101 perioda otraj\u0101 pus\u0113 viesi demonstr\u0113ja savu sp\u0113ku, g\u016bstot v\u0101rtus gan skaitliskaj\u0101 maz\u0101kum\u0101, gan ar\u012b p\u0113c st\u016bra izsp\u0113les, nosl\u0113dzot pirmo periodu ar rezult\u0101tu 4:1 &#8220;Rubenes&#8221; lab\u0101. Otraj\u0101 period\u0101 &#8220;Rubene&#8221; turpin\u0101ja savu dominanci, \u0101tri g\u016bstot v\u0101rtus un palielinot p\u0101rsvaru. Ma\u010d\u0101 izc\u0113l\u0101s ar\u012b Mat\u012bss Celms, kur\u0161, l\u012bdz\u012bgi k\u0101 Rihards Avots, guva tr\u012bs v\u0101rtus.<\/p>\n<p>&#8220;Rubenes&#8221; v\u0113sture un pan\u0101kumi<\/p>\n<p>Koc\u0113nu &#8220;Rubene&#8221; ir viens no Latvijas florbola trad\u012bcij\u0101m bag\u0101t\u0101kajiem klubiem. Klubs tr\u012bs reizes ir k\u013cuvis par Latvijas \u010dempioniem v\u012brie\u0161u konkurenc\u0113 \u2013 2001.\/02., 2004.\/05. un 2020.\/21. gada sezon\u0101. Sievie\u0161u komanda ir izc\u012bn\u012bjusi v\u0113l iespaid\u012bg\u0101kus pan\u0101kumus, k\u013c\u016bstot par Latvijas \u010dempion\u0113m 15 reizes. Klubam ir sava sporta z\u0101le Koc\u0113nos, kas atbilst starptautiskiem standartiem un 2005. gad\u0101 uz\u0146\u0113ma Pasaules junioru \u010dempion\u0101tu.<\/p>\n<p>Elvi v\u012brie\u0161u florbola virsl\u012bgas kopskats<\/p>\n<p>Elvi v\u012brie\u0161u florbola virsl\u012bg\u0101 \u0161obr\u012bd par l\u012bderi p\u0101rliecino\u0161i ir &#8220;Rubene&#8221;. Tikm\u0113r FBK &#8220;S\u0100C&#8221; komanda atrodas zem\u0101k eso\u0161aj\u0101s poz\u012bcij\u0101s, c\u012bnoties par iek\u013c\u016b\u0161anu izsl\u0113g\u0161anas sp\u0113l\u0113s. L\u012bgas kopv\u0113rt\u0113jum\u0101 &#8220;Rubene&#8221; ie\u0146em pirmo vietu, bet FBK &#8220;S\u0100C&#8221; atrodas astotaj\u0101 poz\u012bcij\u0101.<\/p>\n","protected":false},"excerpt":{"rendered":"Koc\u0113nu &#8220;Rubene&#8221; neapturama Elvi v\u012brie\u0161u florbola virsl\u012bg\u0101 Elvi v\u012brie\u0161u florbola virsl\u012bgas l\u012bdervien\u012bba Koc\u0113nu &#8220;Rubene&#8221; ir pagarin\u0101jusi savu iespaid\u012bgo&hellip;\n","protected":false},"author":2,"featured_media":103748,"comment_status":"","ping_status":"","sticky":false,"template":"","format":"standard","meta":{"footnotes":""},"categories":[17],"tags":[25034,21328,283,35,39,38,36,37,34,40,4318,67,25035],"class_list":{"0":"post-103747","1":"post","2":"type-post","3":"status-publish","4":"format-standard","5":"has-post-thumbnail","7":"category-sports","8":"tag-elvi-viriesu-florbola-virsliga","9":"tag-fbk-sac","10":"tag-florbols","11":"tag-latvia","12":"tag-latvian","13":"tag-latviesu","14":"tag-latviesu-valoda","15":"tag-latviesuvaloda","16":"tag-latvija","17":"tag-lv","18":"tag-rubene","19":"tag-sports","20":"tag-uzvaru-serija"},"share_on_mastodon":{"url":"https:\/\/pubeurope.com\/@lv\/115891399717523231","error":""},"_links":{"self":[{"href":"https:\/\/www.europesays.com\/lv\/wp-json\/wp\/v2\/posts\/103747","targetHints":{"allow":["GET"]}}],"collection":[{"href":"https:\/\/www.europesays.com\/lv\/wp-json\/wp\/v2\/posts"}],"about":[{"href":"https:\/\/www.europesays.com\/lv\/wp-json\/wp\/v2\/types\/post"}],"author":[{"embeddable":true,"href":"https:\/\/www.europesays.com\/lv\/wp-json\/wp\/v2\/users\/2"}],"replies":[{"embeddable":true,"href":"https:\/\/www.europesays.com\/lv\/wp-json\/wp\/v2\/comments?post=103747"}],"version-history":[{"count":0,"href":"https:\/\/www.europesays.com\/lv\/wp-json\/wp\/v2\/posts\/103747\/revisions"}],"wp:featuredmedia":[{"embeddable":true,"href":"https:\/\/www.europesays.com\/lv\/wp-json\/wp\/v2\/media\/103748"}],"wp:attachment":[{"href":"https:\/\/www.europesays.com\/lv\/wp-json\/wp\/v2\/media?parent=103747"}],"wp:term":[{"taxonomy":"category","embeddable":true,"href":"https:\/\/www.europesays.com\/lv\/wp-json\/wp\/v2\/categories?post=103747"},{"taxonomy":"post_tag","embeddable":true,"href":"https:\/\/www.europesays.com\/lv\/wp-json\/wp\/v2\/tags?post=103747"}],"curies":[{"name":"wp","href":"https:\/\/api.w.org\/{rel}","templated":true}]}}