{"id":103749,"date":"2026-01-14T03:49:12","date_gmt":"2026-01-14T03:49:12","guid":{"rendered":"https:\/\/www.europesays.com\/lv\/103749\/"},"modified":"2026-01-14T03:49:12","modified_gmt":"2026-01-14T03:49:12","slug":"paplasina-atbalsta-iespejas-lauksaimnieku-investicijam","status":"publish","type":"post","link":"https:\/\/www.europesays.com\/lv\/103749\/","title":{"rendered":"Papla\u0161ina atbalsta iesp\u0113jas lauksaimnieku invest\u012bcij\u0101m"},"content":{"rendered":"<p>Vald\u012bba otrdien, 16. decembr\u012b, apstiprin\u0101ja groz\u012bjumus valsts un Eiropas Savien\u012bbas atbalsta pie\u0161\u0137ir\u0161anas k\u0101rt\u012bb\u0101 atkl\u0101tu projektu konkursa veid\u0101 Eiropas lauksaimniec\u012bbas fonda lauku att\u012bst\u012bbai invest\u012bcij\u0101m materi\u0101lajos akt\u012bvos 2023.\u20132027. gada pl\u0101no\u0161anas period\u0101, kas paredz izmai\u0146as invest\u012bciju atbalsta sa\u0146em\u0161an\u0101, papla\u0161inot atbalsta iesp\u0113jas.<\/p>\n<p>Groz\u012bjumi paredz sv\u012btrot nosac\u012bjumu par p\u0101rejas period\u0101 sa\u0146emt\u0101 atbalsta ieskait\u012b\u0161anu maksim\u0101laj\u0101s attiecin\u0101maj\u0101s izmaks\u0101s, k\u0101 ar\u012b atce\u013c nosac\u012bjumu par maksim\u0101lo attiecin\u0101mo izmaksu apm\u0113ra sasaisti ar lauku saimniec\u012bbas apgroz\u012bjumu. Vienlaikus veiktas izmai\u0146as atbalsta intensit\u0101t\u0113, nosakot to 40% apm\u0113r\u0101, k\u0101 ar\u012b palielin\u0101ta atbalsta likme gados jauniem lauksaimniekiem. Atbalsta pas\u0101kum\u0101, kas saist\u012bts ar emisiju samazin\u0101jumu, papla\u0161in\u0101ts attiecin\u0101mo izmaksu tv\u0113rums.\u00a0\u00a0<\/p>\n<p>Veicot izmai\u0146as regul\u0113jum\u0101, tiek papla\u0161in\u0101tas iesp\u0113jas lauksaimniekiem sa\u0146emt atbalstu invest\u012bcij\u0101m, kas v\u0113rstas uz ra\u017eo\u0161anas efektivit\u0101tes paaugstin\u0101\u0161anu, klimata risku mazin\u0101\u0161anu un ilgtsp\u0113j\u012bgu resursu izmanto\u0161anu, k\u0101 ar\u012b mazin\u0101ts administrat\u012bvais slogs. Paredzams, ka groz\u012bjumi sekm\u0113s invest\u012bciju aktivit\u0101ti lauksaimniec\u012bb\u0101 un stiprin\u0101s nozares ilgtermi\u0146a konkur\u0113tsp\u0113ju un ilgtsp\u0113ju.<\/p>\n<p>Projektu iesniegumu pie\u0146em\u0161anas k\u0101rta tiks izsludin\u0101ta p\u0113c groz\u012bjumu sp\u0113k\u0101 st\u0101\u0161an\u0101s ar projektu iesnieg\u0161anu no 2026. gada febru\u0101ra vidus l\u012bdz marta vidum, kur\u0101 paredz\u0113ts atbalsts ieguld\u012bjumiem:<\/p>\n<ul>&#13;<\/p>\n<li>lauku saimniec\u012bb\u0101s konkur\u0113tsp\u0113jai \u2013 maz\u0101m lauku saimniec\u012bb\u0101m 16,8 milj. eiro, vid\u0113j\u0101m lauku saimniec\u012bb\u0101m 18,4 milj. eiro, k\u0101 ar\u012b atsevi\u0161\u0137i paredzot finans\u0113jumu prevent\u012bviem ieguld\u012bjumiem;<\/li>\n<p>&#13;<\/p>\n<li>emisiju samazino\u0161ajiem pas\u0101kumiem un klimata p\u0101rmai\u0146u mazin\u0101\u0161anai un piel\u0101go\u0161anai \u2013 17,4 milj. eiro;<\/li>\n<p>&#13;<\/p>\n<li>lauksaimniec\u012bbas dz\u012bvnieku labtur\u012bbas uzlabo\u0161anai un biodro\u0161\u012bbas pas\u0101kumu \u012bsteno\u0161anai \u2013 7,6 milj. eiro;<\/li>\n<p>&#13;<\/p>\n<li>energoefektivit\u0101tes uzlabo\u0161anai \u2013 4,8 milj. eiro un atjaun\u012bg\u0101s ener\u0123ijas ra\u017eo\u0161anai &#8211; 4,8 milj. eiro;<\/li>\n<p>&#13;<\/p>\n<li>lauksaimniec\u012bbas un me\u017esaimniec\u012bbas infrastrukt\u016bras att\u012bst\u012bb\u0101 pa\u0161vald\u012bb\u0101m \u2013 2,6\u00a0milj. eiro.<\/li>\n<p>&#13;\n<\/ul>\n<p>Noteikumi <a href=\"https:\/\/tapportals.mk.gov.lv\/structuralizer\/data\/nodes\/facf951d-382e-4582-b2e3-32be954603d1\/preview\" target=\"_blank\" rel=\"nofollow noopener\">\u201cGroz\u012bjumi Ministru kabineta 2024. gada 21. maija noteikumos Nr. 303 \u201cValsts un Eiropas Savien\u012bbas atbalsta pie\u0161\u0137ir\u0161anas k\u0101rt\u012bba atkl\u0101tu projektu konkursa veid\u0101 Eiropas lauksaimniec\u012bbas fonda lauku att\u012bst\u012bbai invest\u012bcij\u0101m materi\u0101lajos akt\u012bvos 2023.\u20132027. gada pl\u0101no\u0161anas period\u0101\u201d \u201d<\/a> st\u0101sies sp\u0113k\u0101 n\u0101kamaj\u0101 dien\u0101 p\u0113c to public\u0113\u0161anas ofici\u0101laj\u0101 izdevum\u0101 <a href=\"https:\/\/www.vestnesis.lv\/\" target=\"_blank\" rel=\"nofollow noopener\">\u201cLatvijas V\u0113stnesis\u201d<\/a>.<\/p>\n<p>          <img decoding=\"async\" src=\"https:\/\/www.europesays.com\/lv\/wp-content\/uploads\/2026\/01\/1767645852_487_logo-lv.png\" alt=\"\"\/><\/p>\n<p>                  \u0160\u012b inform\u0101cija ir publisks pazi\u0146ojums un neatspogu\u013co LV port\u0101la viedokli. Par t\u0101s saturu atbild ies\u016bt\u012bt\u0101js. <a data-popup=\"rules\">Public\u0113\u0161anas noteikumi<\/a><\/p>\n","protected":false},"excerpt":{"rendered":"Vald\u012bba otrdien, 16. decembr\u012b, apstiprin\u0101ja groz\u012bjumus valsts un Eiropas Savien\u012bbas atbalsta pie\u0161\u0137ir\u0161anas k\u0101rt\u012bb\u0101 atkl\u0101tu projektu konkursa veid\u0101 Eiropas&hellip;\n","protected":false},"author":2,"featured_media":95583,"comment_status":"","ping_status":"","sticky":false,"template":"","format":"standard","meta":{"footnotes":""},"categories":[5],"tags":[23,28,29,32,33,22,30,31,35,39,38,36,37,34,40,20,26,27,24,25,21],"class_list":{"0":"post-103749","1":"post","2":"type-post","3":"status-publish","4":"format-standard","5":"has-post-thumbnail","7":"category-aktualitates","8":"tag-aktualitates","9":"tag-breaking-news","10":"tag-breakingnews","11":"tag-featured-news","12":"tag-featurednews","13":"tag-headlines","14":"tag-latest-news","15":"tag-latestnews","16":"tag-latvia","17":"tag-latvian","18":"tag-latviesu","19":"tag-latviesu-valoda","20":"tag-latviesuvaloda","21":"tag-latvija","22":"tag-lv","23":"tag-news","24":"tag-popularakas-zinas","25":"tag-popularakaszinas","26":"tag-top-stories","27":"tag-topstories","28":"tag-zinas"},"share_on_mastodon":{"url":"https:\/\/pubeurope.com\/@lv\/115891415475936227","error":""},"_links":{"self":[{"href":"https:\/\/www.europesays.com\/lv\/wp-json\/wp\/v2\/posts\/103749","targetHints":{"allow":["GET"]}}],"collection":[{"href":"https:\/\/www.europesays.com\/lv\/wp-json\/wp\/v2\/posts"}],"about":[{"href":"https:\/\/www.europesays.com\/lv\/wp-json\/wp\/v2\/types\/post"}],"author":[{"embeddable":true,"href":"https:\/\/www.europesays.com\/lv\/wp-json\/wp\/v2\/users\/2"}],"replies":[{"embeddable":true,"href":"https:\/\/www.europesays.com\/lv\/wp-json\/wp\/v2\/comments?post=103749"}],"version-history":[{"count":0,"href":"https:\/\/www.europesays.com\/lv\/wp-json\/wp\/v2\/posts\/103749\/revisions"}],"wp:featuredmedia":[{"embeddable":true,"href":"https:\/\/www.europesays.com\/lv\/wp-json\/wp\/v2\/media\/95583"}],"wp:attachment":[{"href":"https:\/\/www.europesays.com\/lv\/wp-json\/wp\/v2\/media?parent=103749"}],"wp:term":[{"taxonomy":"category","embeddable":true,"href":"https:\/\/www.europesays.com\/lv\/wp-json\/wp\/v2\/categories?post=103749"},{"taxonomy":"post_tag","embeddable":true,"href":"https:\/\/www.europesays.com\/lv\/wp-json\/wp\/v2\/tags?post=103749"}],"curies":[{"name":"wp","href":"https:\/\/api.w.org\/{rel}","templated":true}]}}