{"id":103750,"date":"2026-01-14T03:51:10","date_gmt":"2026-01-14T03:51:10","guid":{"rendered":"https:\/\/www.europesays.com\/lv\/103750\/"},"modified":"2026-01-14T03:51:10","modified_gmt":"2026-01-14T03:51:10","slug":"klienti-dzierkals-atkal-precizs-pret-komula-komandu","status":"publish","type":"post","link":"https:\/\/www.europesays.com\/lv\/103750\/","title":{"rendered":"Klienti? Dzierkals atkal prec\u012bzs pret Komula komandu"},"content":{"rendered":"<p>                                <img decoding=\"async\" src=\"https:\/\/www.europesays.com\/lv\/wp-content\/uploads\/2026\/01\/dzierkals-sportazinas-com-750x450.jpeg\"   alt=\"Mihaels \u0160pa\u010deks un M\u0101rti\u0146\u0161 Dzierkals\" class=\"post-featured-image\"\/><\/p>\n<p>Mihaels \u0160pa\u010deks un M\u0101rti\u0146\u0161 Dzierkals | Foto: Pr\u0101gas &#8220;Sparta&#8221;<\/p>\n<p>\u0160ovakar \u010cehijas hokeja ekstral\u012bgas sp\u0113l\u0113 v\u0101rtus guva Latvijas uzbruc\u0113js <a href=\"https:\/\/www.sportazinas.com\/atsl%C4%93gv%C4%81rdi\/martins-dzierkals\/\" rel=\"nofollow noopener\" target=\"_blank\">M\u0101rti\u0146\u0161 Dzierkals<\/a>, kur\u0161 pal\u012bdz\u0113ja Pr\u0101gas \u201cSparta\u201d komandai ar rezult\u0101tu <a href=\"https:\/\/www.hokej.cz\/zapas\/2922069\/\" target=\"_blank\" rel=\"noreferrer noopener nofollow\">5:1<\/a> sav\u0101 laukum\u0101 p\u0101rsp\u0113t aizsarga <a href=\"https:\/\/www.sportazinas.com\/atsl%C4%93gv%C4%81rdi\/markuss-komuls\/\" rel=\"nofollow noopener\" target=\"_blank\">Markusa Komula<\/a> p\u0101rst\u0101v\u0113to Litv\u012bnovas \u201cVerva\u201d.<\/p>\n<p>Dzierkals prec\u012bzs bija nepilnas piecas min\u016btes l\u012bdz pamatlaika beig\u0101m, tobr\u012bd pan\u0101kot 3:1 m\u0101jinieku lab\u0101. <\/p>\n<p>Interesanti, ka Dzierkals savus p\u0113d\u0113jos v\u0101rtus ekstral\u012bg\u0101 bija guvis 19. decembr\u012b tie\u0161i pret Litv\u012bnovas komandu \u2013 n\u0101kamajos piecos ma\u010dos uzbruc\u0113js palika \u201csaus\u0101\u201d. T\u0101pat j\u0101izce\u013c, ka Dzierkals \u0161osezon \u010detros savstarp\u0113jos due\u013cos pret \u201cVerva\u201d atz\u012bm\u0113jies ar \u010detriem (2+2) punktiem.<\/p>\n<p>\u0160aj\u0101 ma\u010d\u0101 Dzierkals laukum\u0101 pavad\u012bja 15:28 min\u016btes (2:40) maz\u0101kum\u0101, kur\u0101s vi\u0146\u0161 divreiz meta pa v\u0101rtiem, nopeln\u012bja divas soda min\u016btes un iekr\u0101ja pozit\u012bvu lietder\u012bbas koeficientu +1. Tikm\u0113r Komulam 16:49 min\u016bt\u0113s (3:51 vair\u0101kum\u0101) pa diviem izdar\u012btiem un blo\u0137\u0113tiem metieniem, k\u0101 ar\u012b neitr\u0101ls +\/- r\u0101d\u012bt\u0101js.<\/p>\n<p>Dzierkals \u0161osezon 38 ekstral\u012bgas sp\u0113l\u0113s ticis pie 13 (6+7) rezultativit\u0101tes punktiem, kam\u0113r Komuls 20 due\u013cos atz\u012bm\u0113jies ar devi\u0146iem (2+7) punktiem.<\/p>\n<p>Cit\u0101 ma\u010d\u0101 Liberecas \u201cBili Tygri\u201d ar aizsargu Kristapu Z\u012bli ierind\u0101 guva virsroku p\u0101r \u010ceske Budejovices \u201cMotor\u201d \u2013 6:3. Z\u012ble uz ledus pavad\u012btaj\u0101s 17:57 min\u016bt\u0113s (3:52 maz\u0101kum\u0101) ar\u012b izdar\u012bja divus metienus un blo\u0137\u0113ja divus pretiniekus \u201c\u0161\u0101vienus\u201d, pielietoja vienu sp\u0113ka pa\u0146\u0113mienu un ma\u010du nosl\u0113dza ar pozit\u012bvu lietder\u012bbu +1.<\/p>\n","protected":false},"excerpt":{"rendered":"Mihaels \u0160pa\u010deks un M\u0101rti\u0146\u0161 Dzierkals | Foto: Pr\u0101gas &#8220;Sparta&#8221; \u0160ovakar \u010cehijas hokeja ekstral\u012bgas sp\u0113l\u0113 v\u0101rtus guva Latvijas uzbruc\u0113js&hellip;\n","protected":false},"author":2,"featured_media":103751,"comment_status":"","ping_status":"","sticky":false,"template":"","format":"standard","meta":{"footnotes":""},"categories":[17],"tags":[35,39,38,36,37,34,40,67],"class_list":{"0":"post-103750","1":"post","2":"type-post","3":"status-publish","4":"format-standard","5":"has-post-thumbnail","7":"category-sports","8":"tag-latvia","9":"tag-latvian","10":"tag-latviesu","11":"tag-latviesu-valoda","12":"tag-latviesuvaloda","13":"tag-latvija","14":"tag-lv","15":"tag-sports"},"share_on_mastodon":{"url":"https:\/\/pubeurope.com\/@lv\/115891423310548625","error":""},"_links":{"self":[{"href":"https:\/\/www.europesays.com\/lv\/wp-json\/wp\/v2\/posts\/103750","targetHints":{"allow":["GET"]}}],"collection":[{"href":"https:\/\/www.europesays.com\/lv\/wp-json\/wp\/v2\/posts"}],"about":[{"href":"https:\/\/www.europesays.com\/lv\/wp-json\/wp\/v2\/types\/post"}],"author":[{"embeddable":true,"href":"https:\/\/www.europesays.com\/lv\/wp-json\/wp\/v2\/users\/2"}],"replies":[{"embeddable":true,"href":"https:\/\/www.europesays.com\/lv\/wp-json\/wp\/v2\/comments?post=103750"}],"version-history":[{"count":0,"href":"https:\/\/www.europesays.com\/lv\/wp-json\/wp\/v2\/posts\/103750\/revisions"}],"wp:featuredmedia":[{"embeddable":true,"href":"https:\/\/www.europesays.com\/lv\/wp-json\/wp\/v2\/media\/103751"}],"wp:attachment":[{"href":"https:\/\/www.europesays.com\/lv\/wp-json\/wp\/v2\/media?parent=103750"}],"wp:term":[{"taxonomy":"category","embeddable":true,"href":"https:\/\/www.europesays.com\/lv\/wp-json\/wp\/v2\/categories?post=103750"},{"taxonomy":"post_tag","embeddable":true,"href":"https:\/\/www.europesays.com\/lv\/wp-json\/wp\/v2\/tags?post=103750"}],"curies":[{"name":"wp","href":"https:\/\/api.w.org\/{rel}","templated":true}]}}