{"id":103756,"date":"2026-01-14T04:25:20","date_gmt":"2026-01-14T04:25:20","guid":{"rendered":"https:\/\/www.europesays.com\/lv\/103756\/"},"modified":"2026-01-14T04:25:20","modified_gmt":"2026-01-14T04:25:20","slug":"pasvaldibas-iestadem-piektdien-un-sestdien-mainits-darba-laiks","status":"publish","type":"post","link":"https:\/\/www.europesays.com\/lv\/103756\/","title":{"rendered":"Pa\u0161vald\u012bbas iest\u0101d\u0113m piektdien un sestdien main\u012bts darba laiks"},"content":{"rendered":"<p>Pa\u0161vald\u012bbas iest\u0101d\u0113m piektdien un sestdien main\u012bts darba laiks<\/p>\n<p>\u0145emot v\u0113r\u0101 to, ka 2. janv\u0101ra darba diena, ir p\u0101rcelta uz sestdienu, 17. janv\u0101ri, Jelgavas pa\u0161vald\u012bbas iest\u0101d\u0113m \u0161oned\u0113\u013c main\u012bts darba laiks. Piektdien, 16. janv\u0101r\u012b, iest\u0101des str\u0101d\u0101s no pulksten 8 l\u012bdz 17, savuk\u0101rt sestdien, 17. janv\u0101r\u012b, \u2013 no pulksten 8 l\u012bdz 12.<\/p>\n<p>P\u0113c \u0161\u0101da darba laika str\u0101d\u0101s Jelgavas pa\u0161vald\u012bbas iest\u0101de \u201cCentr\u0101l\u0101 p\u0101rvalde\u201d, \u201cPa\u0161vald\u012bbas iest\u0101\u017eu centraliz\u0113t\u0101 gr\u0101matved\u012bba\u201d, \u201cB\u0101ri\u0146tiesa\u201d, \u201cJelgavas izgl\u012bt\u012bbas p\u0101rvalde\u201d, \u201cJelgavas Digit\u0101lais centrs\u201d, \u201cKult\u016bra\u201d, \u201cJelgavas soci\u0101lo lietu p\u0101rvalde\u201d, \u201cSporta servisa centrs\u201d, \u201cSabiedriskais centrs\u201d, Jelgavas valstspils\u0113tas un novada Dzimtsarakstu noda\u013ca.<\/p>\n<p>Zemgales re\u0123iona Kompeten\u010du att\u012bst\u012bbas centrs 16. janv\u0101r\u012b str\u0101d\u0101s no pulksten 9 l\u012bdz 18, bet 17. janv\u0101r\u012b \u2013 no pulksten 9 l\u012bdz 13.<\/p>\n<p>Kaps\u0113tu p\u0101rzi\u0146i 16. un 17. janv\u0101r\u012b str\u0101d\u0101s no pulksten 8 l\u012bdz 17.<\/p>\n<p>\u0122ederta Eliasa Jelgavas v\u0113stures un m\u0101kslas muzejs un \u0100dolfa Alun\u0101na muzejs 16. un 17. janv\u0101r\u012b str\u0101d\u0101s k\u0101 ierasts, no pulksten 10 l\u012bdz 18.<\/p>\n<p>Jelgavas Pils\u0113tas bibliot\u0113kai, P\u0101rlielupes bibliot\u0113kai, Miez\u012btes bibliot\u0113kai un b\u0113rnu un jaunie\u0161u bibliot\u0113kai \u201cZin\u012btis\u201d piektdien un sestdien, 16. un 17. janv\u0101r\u012b, darba laiks nemain\u0101s un b\u016bs no pulksten 10 l\u012bdz 18. Atg\u0101din\u0101m, ka nododam\u0101s gr\u0101matas iesp\u0113jams ievietot gr\u0101matu nodo\u0161anas iek\u0101rt\u0101 pie Jelgavas Pils\u0113tas bibliot\u0113kas Akad\u0113mijas iel\u0101 26 un pie Miez\u012btes bibliot\u0113kas Dobeles \u0161osej\u0101 100A.<\/p>\n<p>Jelgavas Sv\u0113t\u0101 Tr\u012bsvien\u012bbas bazn\u012bcas tor\u0146a v\u0113stures ekspoz\u012bcijas 16. un 17. janv\u0101r\u012b b\u016bs apskat\u0101mas no pulksten 10 l\u012bdz 18. Tor\u0146a skatu laukums, izst\u0101\u017eu z\u0101le un T\u016brisma inform\u0101cijas centrs piektdien un sestdien apmekl\u0113t\u0101jus gaid\u012bs no pulksten 10 l\u012bdz 21.<\/p>\n<p>Jelgavas Vecpils\u0113tas m\u0101ja gan piektdien, gan sestdien apmekl\u0113t\u0101jiem b\u016bs pieejama no pulksten 10 l\u012bdz 18.<\/p>\n<p>Dz\u012bveszi\u0146as un arodu s\u0113ta piektdien, 16. janv\u0101r\u012b, b\u016bs atv\u0113rta no pulksten 10 l\u012bdz 18, bet sestdien \u2013 no pulksten 10 l\u012bdz 16.<\/p>\n","protected":false},"excerpt":{"rendered":"Pa\u0161vald\u012bbas iest\u0101d\u0113m piektdien un sestdien main\u012bts darba laiks \u0145emot v\u0113r\u0101 to, ka 2. janv\u0101ra darba diena, ir p\u0101rcelta&hellip;\n","protected":false},"author":2,"featured_media":103757,"comment_status":"","ping_status":"","sticky":false,"template":"","format":"standard","meta":{"footnotes":""},"categories":[5],"tags":[23,28,29,32,33,22,30,31,35,39,38,36,37,34,40,20,26,27,24,25,21],"class_list":{"0":"post-103756","1":"post","2":"type-post","3":"status-publish","4":"format-standard","5":"has-post-thumbnail","7":"category-aktualitates","8":"tag-aktualitates","9":"tag-breaking-news","10":"tag-breakingnews","11":"tag-featured-news","12":"tag-featurednews","13":"tag-headlines","14":"tag-latest-news","15":"tag-latestnews","16":"tag-latvia","17":"tag-latvian","18":"tag-latviesu","19":"tag-latviesu-valoda","20":"tag-latviesuvaloda","21":"tag-latvija","22":"tag-lv","23":"tag-news","24":"tag-popularakas-zinas","25":"tag-popularakaszinas","26":"tag-top-stories","27":"tag-topstories","28":"tag-zinas"},"share_on_mastodon":{"url":"https:\/\/pubeurope.com\/@lv\/115891557018238356","error":""},"_links":{"self":[{"href":"https:\/\/www.europesays.com\/lv\/wp-json\/wp\/v2\/posts\/103756","targetHints":{"allow":["GET"]}}],"collection":[{"href":"https:\/\/www.europesays.com\/lv\/wp-json\/wp\/v2\/posts"}],"about":[{"href":"https:\/\/www.europesays.com\/lv\/wp-json\/wp\/v2\/types\/post"}],"author":[{"embeddable":true,"href":"https:\/\/www.europesays.com\/lv\/wp-json\/wp\/v2\/users\/2"}],"replies":[{"embeddable":true,"href":"https:\/\/www.europesays.com\/lv\/wp-json\/wp\/v2\/comments?post=103756"}],"version-history":[{"count":0,"href":"https:\/\/www.europesays.com\/lv\/wp-json\/wp\/v2\/posts\/103756\/revisions"}],"wp:featuredmedia":[{"embeddable":true,"href":"https:\/\/www.europesays.com\/lv\/wp-json\/wp\/v2\/media\/103757"}],"wp:attachment":[{"href":"https:\/\/www.europesays.com\/lv\/wp-json\/wp\/v2\/media?parent=103756"}],"wp:term":[{"taxonomy":"category","embeddable":true,"href":"https:\/\/www.europesays.com\/lv\/wp-json\/wp\/v2\/categories?post=103756"},{"taxonomy":"post_tag","embeddable":true,"href":"https:\/\/www.europesays.com\/lv\/wp-json\/wp\/v2\/tags?post=103756"}],"curies":[{"name":"wp","href":"https:\/\/api.w.org\/{rel}","templated":true}]}}